{"id":25669,"date":"2018-12-24T16:25:35","date_gmt":"2018-12-24T15:25:35","guid":{"rendered":"https:\/\/www.forum-soegel.de\/information\/?p=25669"},"modified":"2018-12-24T16:25:35","modified_gmt":"2018-12-24T15:25:35","slug":"oberstufenschueler-recherchierten-in-soegeler-geschichtswerkstatt","status":"publish","type":"post","link":"https:\/\/www.forum-soegel.de\/information\/2018\/12\/oberstufenschueler-recherchierten-in-soegeler-geschichtswerkstatt\/","title":{"rendered":"Oberstufensch\u00fcler recherchierten in S\u00f6geler Geschichtswerkstatt"},"content":{"rendered":"<p>S\u00f6gel &#8211; Mit ihren Geschichtslehrern Henning Strotbeck und David Hofwalter waren einige Sch\u00fclerInnen eines \u00a015k\u00f6pfigen Geschichtskurses des H\u00fcmmling-Gymnasiums S\u00f6gel \u00a0in der Geschichts- und Zukunftswerkstatt zu Besuch und haben \u00fcber das Schicksal der j\u00fcdischen Bev\u00f6lkerung von S\u00f6gel recherchiert. Ihre gewonnenen Erkenntnisse trugen die Oberstufensch\u00fclerInnen bei der Veranstaltung zum Gedenken an die Reichsprogromnacht am 09. November in der Aula des H\u00fcmmling-Gymnasiums \u00a0vor. Zuvor hatten sie sich auch \u00a0beim Gemeindearchiv mittels damaliger Zeitungsartikel informiert. und f\u00fcgte hinzu:\u201c Mir war es vor allem wichtig, dass die Sch\u00fclerInnen die Pressetexte aus der vergangenen Zeit kontrastiert mit den Verh\u00e4ltnissen vor Ort beleuchteten\u201c, erkl\u00e4rte Strotbeck. \u00a0\u00a0An drei Stationen konnte sich \u00a0Sch\u00fclergruppe in der Geschichtswerkstatt \u00a0neben der Entstehung\u00a0 des Antisemitismus auch kritisch mit der Rolle der Presse in der NS-Zeit auseinandersetzen und die propagandistische Berichterstattung in den Tagen vor und nach der Reichsprogromnacht mit der Realit\u00e4t vergleichen. An der ersten Station gab es Hinweise zu den \u201eGeistigen Brandstiftern\u201c, die weit vor Hitler den Antisemitismus pseudo-wissenschaftlich zu begr\u00fcnden versuchten. Sie erkannten dabei, dass nicht Hitler und die Nazis den ideologischen Antisemitismus entwickelt haben, sondern der N\u00e4hrboden daf\u00fcr bereits viel fr\u00fcher bereitet war. An der zweiten Station verfolgten sie die Entwicklung der Ma\u00dfnahmen gegen die j\u00fcdische Bev\u00f6lkerung seit 1933 und stellten fest, dass der Druck von Jahr zu Jahr sch\u00e4rfer wurde. Sie h\u00f6rten sich dazu das Interview des letzten Holocaust-\u00dcberlebenden aus S\u00f6gel, Louis Gr\u00fcnberg, an und sahen das Video \u201eSie waren unsere Nachbarn\u201c, das die ehemaligen Wohnh\u00e4user mit den Namen der fr\u00fcher dort lebenden, sp\u00e4ter deportierten und ermordeten Menschen zeigt. \u00a0An der dritten Station nutzten die Sch\u00fclerInnen das umfassende Internet-Angebot, das ihnen viele Fragen zum Schicksal der j\u00fcdischen Mitb\u00fcrger aus S\u00f6gel beantwortete. Vorsitzender Bernd Eggert und die Vorstandsmitglieder Gisela Henze und Manfred M\u00fcller unterst\u00fctzten die Sch\u00fclerInnen bei ihren Recherchen und stellten fest, dass durch die intensive Arbeit mit dem Thema \u201eSchicksal der j\u00fcdischen Bev\u00f6lkerung in S\u00f6gel\u201c f\u00fcr sie, nicht zuletzt durch den regionalen Bezug, ein neuer Erkenntnishorizont ge\u00f6ffnet wurde \u201eVon daher ist es uns wichtig, in enger Zusammenarbeit mit den Schulen diesen methodisch-didaktischen Weg weiter zu verfolgen\u201c, betonte Eggert.<\/p>\n<p>Text\/Foto: Gisela Arling<\/p>\n<div id=\"attachment_25670\" style=\"width: 310px\" class=\"wp-caption alignnone\"><a href=\"https:\/\/www.forum-soegel.de\/information\/2018\/12\/oberstufenschueler-recherchierten-in-soegeler-geschichtswerkstatt\/oberstufenschueler-recherchierten-in-soegeler-geschichtswerkstatt\/\" rel=\"attachment wp-att-25670\"><img loading=\"lazy\" decoding=\"async\" aria-describedby=\"caption-attachment-25670\" class=\"size-medium wp-image-25670\" src=\"https:\/\/www.forum-soegel.de\/information\/wp-content\/uploads\/2018\/12\/Oberstufensch\u00fcler-recherchierten-in-S\u00f6geler-Geschichtswerkstatt-300x199.jpg\" alt=\"\" width=\"300\" height=\"199\" srcset=\"https:\/\/www.forum-soegel.de\/information\/wp-content\/uploads\/2018\/12\/Oberstufensch\u00fcler-recherchierten-in-S\u00f6geler-Geschichtswerkstatt-300x199.jpg 300w, https:\/\/www.forum-soegel.de\/information\/wp-content\/uploads\/2018\/12\/Oberstufensch\u00fcler-recherchierten-in-S\u00f6geler-Geschichtswerkstatt-768x510.jpg 768w, https:\/\/www.forum-soegel.de\/information\/wp-content\/uploads\/2018\/12\/Oberstufensch\u00fcler-recherchierten-in-S\u00f6geler-Geschichtswerkstatt.jpg 1024w\" sizes=\"auto, (max-width: 300px) 100vw, 300px\" \/><\/a><p id=\"caption-attachment-25670\" class=\"wp-caption-text\">Die Sch\u00fclergruppe des H\u00fcmmling-Gymnasiums mit von links Uwe M\u00fcller, Henning Strotbeck, Gisela Henze, David Hofwalter und Bernd Eggert<\/p><\/div>\n<p>&nbsp;<\/p>\n","protected":false},"excerpt":{"rendered":"S\u00f6gel &#8211; Mit ihren Geschichtslehrern Henning Strotbeck und David Hofwalter waren einige Sch\u00fclerInnen eines \u00a015k\u00f6pfigen Geschichtskurses des H\u00fcmmling-Gymnasiums S\u00f6gel \u00a0in der Geschichts- und Zukunftswerkstatt zu Besuch und haben \u00fcber das Schicksal der j\u00fcdischen Bev\u00f6lkerung von S\u00f6gel recherchiert. Ihre gewonnenen Erkenntnisse trugen die Oberstufensch\u00fclerInnen bei der Veranstaltung zum Gedenken an die Reichsprogromnacht am 09. November in [&hellip;]\n","protected":false},"author":2,"featured_media":0,"comment_status":"closed","ping_status":"closed","sticky":false,"template":"","format":"standard","meta":{"ngg_post_thumbnail":0,"footnotes":""},"categories":[6],"tags":[],"class_list":["post-25669","post","type-post","status-publish","format-standard","hentry","category-aus-der-schule-geplaudert"],"_links":{"self":[{"href":"https:\/\/www.forum-soegel.de\/information\/wp-json\/wp\/v2\/posts\/25669","targetHints":{"allow":["GET"]}}],"collection":[{"href":"https:\/\/www.forum-soegel.de\/information\/wp-json\/wp\/v2\/posts"}],"about":[{"href":"https:\/\/www.forum-soegel.de\/information\/wp-json\/wp\/v2\/types\/post"}],"author":[{"embeddable":true,"href":"https:\/\/www.forum-soegel.de\/information\/wp-json\/wp\/v2\/users\/2"}],"replies":[{"embeddable":true,"href":"https:\/\/www.forum-soegel.de\/information\/wp-json\/wp\/v2\/comments?post=25669"}],"version-history":[{"count":2,"href":"https:\/\/www.forum-soegel.de\/information\/wp-json\/wp\/v2\/posts\/25669\/revisions"}],"predecessor-version":[{"id":25672,"href":"https:\/\/www.forum-soegel.de\/information\/wp-json\/wp\/v2\/posts\/25669\/revisions\/25672"}],"wp:attachment":[{"href":"https:\/\/www.forum-soegel.de\/information\/wp-json\/wp\/v2\/media?parent=25669"}],"wp:term":[{"taxonomy":"category","embeddable":true,"href":"https:\/\/www.forum-soegel.de\/information\/wp-json\/wp\/v2\/categories?post=25669"},{"taxonomy":"post_tag","embeddable":true,"href":"https:\/\/www.forum-soegel.de\/information\/wp-json\/wp\/v2\/tags?post=25669"}],"curies":[{"name":"wp","href":"https:\/\/api.w.org\/{rel}","templated":true}]}}