{"id":25665,"date":"2018-12-24T16:24:25","date_gmt":"2018-12-24T15:24:25","guid":{"rendered":"https:\/\/www.forum-soegel.de\/information\/?p=25665"},"modified":"2018-12-24T16:24:25","modified_gmt":"2018-12-24T15:24:25","slug":"klassentreffen-nach-38-jahren","status":"publish","type":"post","link":"https:\/\/www.forum-soegel.de\/information\/2018\/12\/klassentreffen-nach-38-jahren\/","title":{"rendered":"Klassentreffen nach 38 Jahren"},"content":{"rendered":"<p>S\u00f6gel &#8211; 38 Jahre- eigentlich gar kein rundes Jubil\u00e4um, trotzdem genug Zeit, um ein Klassentreffen der vielleicht etwas ungew\u00f6hnlichen Art zu veranstalten. Die ehemaligen Sch\u00fcler und Sch\u00fclerinnen der 1a der S\u00f6geler Bernhardschule trafen sich nun unl\u00e4ngst eben genau 38 Jahre nach ihrem &#8222;Start in den Ernst des Lebens&#8220;, um Fotos und Anekdoten auszutauschen, zu sehen, ob man sich noch (er)kennt und der eingeladenen, mittlerweile \u00fcber 90-J\u00e4hrigen Klassenlehrerin Frau Grete Feldmann einen Blumenstrau\u00df als Abbitte und Entschuldigung f\u00fcr alle in der Schulzeit angesammelten Missetaten zu \u00fcberreichen. Zw\u00f6lf der ehemals 19 Erstkl\u00e4ssler folgten der Einladung in ein S\u00f6geler Cafe, sogar aus Oldenburg und aus K\u00f6ln reisten ehemalige Bernhardsch\u00fclerinnen an. Die Missetaten wurden gro\u00dfm\u00fctig vergeben und neben vielen sch\u00f6nen Erinnerungen wurden auch Kontaktdaten ausgetauscht, auf dass es bis zum n\u00e4chsten Wiedersehen nicht erneut 38 Jahre dauern m\u00f6ge.<\/p>\n<p>Text\/Foto: Guido Santel<\/p>\n<p><a href=\"https:\/\/www.forum-soegel.de\/information\/2018\/12\/klassentreffen-nach-38-jahren\/klassentreffen-nach-38-jahren\/\" rel=\"attachment wp-att-25666\"><img loading=\"lazy\" decoding=\"async\" class=\"alignnone size-medium wp-image-25666\" src=\"https:\/\/www.forum-soegel.de\/information\/wp-content\/uploads\/2018\/12\/Klassentreffen-nach-38-Jahren-300x225.jpg\" alt=\"\" width=\"300\" height=\"225\" srcset=\"https:\/\/www.forum-soegel.de\/information\/wp-content\/uploads\/2018\/12\/Klassentreffen-nach-38-Jahren-300x225.jpg 300w, https:\/\/www.forum-soegel.de\/information\/wp-content\/uploads\/2018\/12\/Klassentreffen-nach-38-Jahren-768x576.jpg 768w, https:\/\/www.forum-soegel.de\/information\/wp-content\/uploads\/2018\/12\/Klassentreffen-nach-38-Jahren.jpg 1024w\" sizes=\"auto, (max-width: 300px) 100vw, 300px\" \/><\/a><\/p>\n<p>&nbsp;<\/p>\n","protected":false},"excerpt":{"rendered":"S\u00f6gel &#8211; 38 Jahre- eigentlich gar kein rundes Jubil\u00e4um, trotzdem genug Zeit, um ein Klassentreffen der vielleicht etwas ungew\u00f6hnlichen Art zu veranstalten. Die ehemaligen Sch\u00fcler und Sch\u00fclerinnen der 1a der S\u00f6geler Bernhardschule trafen sich nun unl\u00e4ngst eben genau 38 Jahre nach ihrem &#8222;Start in den Ernst des Lebens&#8220;, um Fotos und Anekdoten auszutauschen, zu sehen, [&hellip;]\n","protected":false},"author":2,"featured_media":0,"comment_status":"closed","ping_status":"closed","sticky":false,"template":"","format":"standard","meta":{"ngg_post_thumbnail":0,"footnotes":""},"categories":[6],"tags":[],"class_list":["post-25665","post","type-post","status-publish","format-standard","hentry","category-aus-der-schule-geplaudert"],"_links":{"self":[{"href":"https:\/\/www.forum-soegel.de\/information\/wp-json\/wp\/v2\/posts\/25665","targetHints":{"allow":["GET"]}}],"collection":[{"href":"https:\/\/www.forum-soegel.de\/information\/wp-json\/wp\/v2\/posts"}],"about":[{"href":"https:\/\/www.forum-soegel.de\/information\/wp-json\/wp\/v2\/types\/post"}],"author":[{"embeddable":true,"href":"https:\/\/www.forum-soegel.de\/information\/wp-json\/wp\/v2\/users\/2"}],"replies":[{"embeddable":true,"href":"https:\/\/www.forum-soegel.de\/information\/wp-json\/wp\/v2\/comments?post=25665"}],"version-history":[{"count":2,"href":"https:\/\/www.forum-soegel.de\/information\/wp-json\/wp\/v2\/posts\/25665\/revisions"}],"predecessor-version":[{"id":25668,"href":"https:\/\/www.forum-soegel.de\/information\/wp-json\/wp\/v2\/posts\/25665\/revisions\/25668"}],"wp:attachment":[{"href":"https:\/\/www.forum-soegel.de\/information\/wp-json\/wp\/v2\/media?parent=25665"}],"wp:term":[{"taxonomy":"category","embeddable":true,"href":"https:\/\/www.forum-soegel.de\/information\/wp-json\/wp\/v2\/categories?post=25665"},{"taxonomy":"post_tag","embeddable":true,"href":"https:\/\/www.forum-soegel.de\/information\/wp-json\/wp\/v2\/tags?post=25665"}],"curies":[{"name":"wp","href":"https:\/\/api.w.org\/{rel}","templated":true}]}}