{"id":25661,"date":"2018-12-24T16:23:30","date_gmt":"2018-12-24T15:23:30","guid":{"rendered":"https:\/\/www.forum-soegel.de\/information\/?p=25661"},"modified":"2018-12-24T16:23:30","modified_gmt":"2018-12-24T15:23:30","slug":"klassentreffen-des-ersten-9-schuljahres-der-bernhardschule","status":"publish","type":"post","link":"https:\/\/www.forum-soegel.de\/information\/2018\/12\/klassentreffen-des-ersten-9-schuljahres-der-bernhardschule\/","title":{"rendered":"Klassentreffen des ersten 9. Schuljahres der Bernhardschule"},"content":{"rendered":"<p>S\u00f6gel &#8211; Bis Anfang der sechziger Jahre gab es an der Bernhard-Schule in S\u00f6gel nur acht Pflichtschuljahre. Das \u00e4nderte sich 1962, als erstmals das 9. Schuljahr f\u00fcr Sch\u00fcler aus S\u00f6gel, B\u00f6rger, Spahnharrenst\u00e4tte, Werpeloh und Eisten eingef\u00fchrt wurde.<\/p>\n<p>So nahmen \u00fcber 50 Sch\u00fclerinnen und Sch\u00fcler der Geburtsjahrg\u00e4nge 1947 und 1948 dieses Angebot an und absolvierten 1963 die \u201eNeunte\u201c mit Erfolg. Jetzt, 55 Jahre sp\u00e4ter, trafen sich 35 Frauen und M\u00e4nner aus diesem Schuljahr zum Klassentreffen im Amtsbrunnen, nachdem man vorher einen kleinen Spaziergang zur Bernhard-Schule gemacht hatte.<\/p>\n<p>Die Organisatoren Clemens Staggenborg und Gerd Altendeitering freuten sich \u00fcber die gro\u00dfe Beteiligung. Das letzte Treffen hatte 1983 stattgefunden. Bei ausgelassener Stimmung lie\u00df man die Schulzeit nochmal Revue passieren.<\/p>\n<p>M\u00e4dchen und Jungen wurden damals getrennt unterrichtet von Lehrerin Elisabeth Jansen und Lehrer Werner Wengler. Dabei kam \u201eeine straffe Erziehung\u201c nicht kurz, wie einige Teilnehmer augenzwinkernd zu berichten wussten. Aus der ehemaligen \u201eNeunten\u201c schlossen zwei Frauen und zwei M\u00e4nner den Bund f\u00fcrs Leben. In drei Jahren will man sich erneut treffen.<\/p>\n<p>Text\/Foto: LB<\/p>\n<div id=\"attachment_25662\" style=\"width: 310px\" class=\"wp-caption alignnone\"><a href=\"https:\/\/www.forum-soegel.de\/information\/2018\/12\/klassentreffen-des-ersten-9-schuljahres-der-bernhardschule\/klassentreffen-des-ersten-9-schuljahres-der-bernhardschule\/\" rel=\"attachment wp-att-25662\"><img loading=\"lazy\" decoding=\"async\" aria-describedby=\"caption-attachment-25662\" class=\"size-medium wp-image-25662\" src=\"https:\/\/www.forum-soegel.de\/information\/wp-content\/uploads\/2018\/12\/Klassentreffen-des-ersten-9.-Schuljahres-der-Bernhardschule-300x225.jpg\" alt=\"\" width=\"300\" height=\"225\" srcset=\"https:\/\/www.forum-soegel.de\/information\/wp-content\/uploads\/2018\/12\/Klassentreffen-des-ersten-9.-Schuljahres-der-Bernhardschule-300x225.jpg 300w, https:\/\/www.forum-soegel.de\/information\/wp-content\/uploads\/2018\/12\/Klassentreffen-des-ersten-9.-Schuljahres-der-Bernhardschule-768x576.jpg 768w, https:\/\/www.forum-soegel.de\/information\/wp-content\/uploads\/2018\/12\/Klassentreffen-des-ersten-9.-Schuljahres-der-Bernhardschule.jpg 1024w\" sizes=\"auto, (max-width: 300px) 100vw, 300px\" \/><\/a><p id=\"caption-attachment-25662\" class=\"wp-caption-text\">Vor der Bernhard-Schule stellten sich die \u201eEhemaligen\u201c zum Gruppenfoto auf.\u00a0Text: LB\/Foto: Heike Staggenborg<\/p><\/div>\n","protected":false},"excerpt":{"rendered":"S\u00f6gel &#8211; Bis Anfang der sechziger Jahre gab es an der Bernhard-Schule in S\u00f6gel nur acht Pflichtschuljahre. Das \u00e4nderte sich 1962, als erstmals das 9. Schuljahr f\u00fcr Sch\u00fcler aus S\u00f6gel, B\u00f6rger, Spahnharrenst\u00e4tte, Werpeloh und Eisten eingef\u00fchrt wurde. So nahmen \u00fcber 50 Sch\u00fclerinnen und Sch\u00fcler der Geburtsjahrg\u00e4nge 1947 und 1948 dieses Angebot an und absolvierten 1963 [&hellip;]\n","protected":false},"author":2,"featured_media":0,"comment_status":"closed","ping_status":"closed","sticky":false,"template":"","format":"standard","meta":{"ngg_post_thumbnail":0,"footnotes":""},"categories":[6],"tags":[],"class_list":["post-25661","post","type-post","status-publish","format-standard","hentry","category-aus-der-schule-geplaudert"],"_links":{"self":[{"href":"https:\/\/www.forum-soegel.de\/information\/wp-json\/wp\/v2\/posts\/25661","targetHints":{"allow":["GET"]}}],"collection":[{"href":"https:\/\/www.forum-soegel.de\/information\/wp-json\/wp\/v2\/posts"}],"about":[{"href":"https:\/\/www.forum-soegel.de\/information\/wp-json\/wp\/v2\/types\/post"}],"author":[{"embeddable":true,"href":"https:\/\/www.forum-soegel.de\/information\/wp-json\/wp\/v2\/users\/2"}],"replies":[{"embeddable":true,"href":"https:\/\/www.forum-soegel.de\/information\/wp-json\/wp\/v2\/comments?post=25661"}],"version-history":[{"count":2,"href":"https:\/\/www.forum-soegel.de\/information\/wp-json\/wp\/v2\/posts\/25661\/revisions"}],"predecessor-version":[{"id":25664,"href":"https:\/\/www.forum-soegel.de\/information\/wp-json\/wp\/v2\/posts\/25661\/revisions\/25664"}],"wp:attachment":[{"href":"https:\/\/www.forum-soegel.de\/information\/wp-json\/wp\/v2\/media?parent=25661"}],"wp:term":[{"taxonomy":"category","embeddable":true,"href":"https:\/\/www.forum-soegel.de\/information\/wp-json\/wp\/v2\/categories?post=25661"},{"taxonomy":"post_tag","embeddable":true,"href":"https:\/\/www.forum-soegel.de\/information\/wp-json\/wp\/v2\/tags?post=25661"}],"curies":[{"name":"wp","href":"https:\/\/api.w.org\/{rel}","templated":true}]}}