{"id":25657,"date":"2018-12-24T16:21:48","date_gmt":"2018-12-24T15:21:48","guid":{"rendered":"https:\/\/www.forum-soegel.de\/information\/?p=25657"},"modified":"2018-12-24T16:21:48","modified_gmt":"2018-12-24T15:21:48","slug":"flohmarkthaendler-spenden-grosse-menge-kinderbekleidung-und-spielsachen","status":"publish","type":"post","link":"https:\/\/www.forum-soegel.de\/information\/2018\/12\/flohmarkthaendler-spenden-grosse-menge-kinderbekleidung-und-spielsachen\/","title":{"rendered":"Flohmarkth\u00e4ndler spenden gro\u00dfe Menge Kinderbekleidung und Spielsachen"},"content":{"rendered":"<p>S\u00f6gel &#8211;\u00a0 Auf dem Kindersachenflohmarkt der Oberschule S\u00f6gel konnten die Besucher an 60 St\u00e4nden gut erhaltene Kinderbekleidung und Spielwaren zu g\u00fcnstigen Preisen erwerben. Viele Familien wurden daher auf der Suche nach Bekleidung f\u00fcr die kalte Jahreszeit oder einem passenden Weihnachtsgeschenk\u00a0 schnell f\u00fcndig. Rei\u00dfenden Absatz fanden auch die von den Eltern der 8. Klassen gebackenen Kuchen in der Cafeteria der Schule. Am Ende der Veranstaltung spendeten die Flohmarktverk\u00e4ufer gro\u00dfz\u00fcgig Kinderbekleidung und Spielsachen f\u00fcr den guten Zweck. Der Malteser Hilfsdienst\u00a0 S\u00f6gel freut sich so \u00fcber sieben prall gef\u00fcllte Einkaufswagen mit Bekleidung und Spielzeug.\u00a0 Der n\u00e4chste Flohmarkt der Oberschule S\u00f6gel soll vor den Osterferien 2019 stattfinden.<\/p>\n<p>Text: J\u00fcrgen Dill \/ Foto: Tobias Hilbrath<\/p>\n<p><a href=\"https:\/\/www.forum-soegel.de\/information\/2018\/12\/flohmarkthaendler-spenden-grosse-menge-kinderbekleidung-und-spielsachen\/flohmarkthaendler-spenden-grosse-menge-kinderbekleidung-und-spielsachen\/\" rel=\"attachment wp-att-25658\"><img loading=\"lazy\" decoding=\"async\" class=\"alignnone size-medium wp-image-25658\" src=\"https:\/\/www.forum-soegel.de\/information\/wp-content\/uploads\/2018\/12\/Flohmarkth\u00e4ndler-spenden-gro\u00dfe-Menge-Kinderbekleidung-und-Spielsachen-300x168.jpg\" alt=\"\" width=\"300\" height=\"168\" srcset=\"https:\/\/www.forum-soegel.de\/information\/wp-content\/uploads\/2018\/12\/Flohmarkth\u00e4ndler-spenden-gro\u00dfe-Menge-Kinderbekleidung-und-Spielsachen-300x168.jpg 300w, https:\/\/www.forum-soegel.de\/information\/wp-content\/uploads\/2018\/12\/Flohmarkth\u00e4ndler-spenden-gro\u00dfe-Menge-Kinderbekleidung-und-Spielsachen-768x431.jpg 768w, https:\/\/www.forum-soegel.de\/information\/wp-content\/uploads\/2018\/12\/Flohmarkth\u00e4ndler-spenden-gro\u00dfe-Menge-Kinderbekleidung-und-Spielsachen.jpg 1024w\" sizes=\"auto, (max-width: 300px) 100vw, 300px\" \/><\/a><\/p>\n<p>&nbsp;<\/p>\n","protected":false},"excerpt":{"rendered":"S\u00f6gel &#8211;\u00a0 Auf dem Kindersachenflohmarkt der Oberschule S\u00f6gel konnten die Besucher an 60 St\u00e4nden gut erhaltene Kinderbekleidung und Spielwaren zu g\u00fcnstigen Preisen erwerben. Viele Familien wurden daher auf der Suche nach Bekleidung f\u00fcr die kalte Jahreszeit oder einem passenden Weihnachtsgeschenk\u00a0 schnell f\u00fcndig. Rei\u00dfenden Absatz fanden auch die von den Eltern der 8. Klassen gebackenen Kuchen [&hellip;]\n","protected":false},"author":2,"featured_media":0,"comment_status":"closed","ping_status":"closed","sticky":false,"template":"","format":"standard","meta":{"ngg_post_thumbnail":0,"footnotes":""},"categories":[6],"tags":[],"class_list":["post-25657","post","type-post","status-publish","format-standard","hentry","category-aus-der-schule-geplaudert"],"_links":{"self":[{"href":"https:\/\/www.forum-soegel.de\/information\/wp-json\/wp\/v2\/posts\/25657","targetHints":{"allow":["GET"]}}],"collection":[{"href":"https:\/\/www.forum-soegel.de\/information\/wp-json\/wp\/v2\/posts"}],"about":[{"href":"https:\/\/www.forum-soegel.de\/information\/wp-json\/wp\/v2\/types\/post"}],"author":[{"embeddable":true,"href":"https:\/\/www.forum-soegel.de\/information\/wp-json\/wp\/v2\/users\/2"}],"replies":[{"embeddable":true,"href":"https:\/\/www.forum-soegel.de\/information\/wp-json\/wp\/v2\/comments?post=25657"}],"version-history":[{"count":2,"href":"https:\/\/www.forum-soegel.de\/information\/wp-json\/wp\/v2\/posts\/25657\/revisions"}],"predecessor-version":[{"id":25660,"href":"https:\/\/www.forum-soegel.de\/information\/wp-json\/wp\/v2\/posts\/25657\/revisions\/25660"}],"wp:attachment":[{"href":"https:\/\/www.forum-soegel.de\/information\/wp-json\/wp\/v2\/media?parent=25657"}],"wp:term":[{"taxonomy":"category","embeddable":true,"href":"https:\/\/www.forum-soegel.de\/information\/wp-json\/wp\/v2\/categories?post=25657"},{"taxonomy":"post_tag","embeddable":true,"href":"https:\/\/www.forum-soegel.de\/information\/wp-json\/wp\/v2\/tags?post=25657"}],"curies":[{"name":"wp","href":"https:\/\/api.w.org\/{rel}","templated":true}]}}