{"id":25653,"date":"2018-12-24T16:20:36","date_gmt":"2018-12-24T15:20:36","guid":{"rendered":"https:\/\/www.forum-soegel.de\/information\/?p=25653"},"modified":"2018-12-24T16:20:36","modified_gmt":"2018-12-24T15:20:36","slug":"dokumentation-der-hedwig-mittel-und-realschule-soegel-1834-2009-3","status":"publish","type":"post","link":"https:\/\/www.forum-soegel.de\/information\/2018\/12\/dokumentation-der-hedwig-mittel-und-realschule-soegel-1834-2009-3\/","title":{"rendered":"Dokumentation der Hedwig-, Mittel- und   Realschule  S\u00f6gel 1834-2009"},"content":{"rendered":"<p>S\u00f6gel &#8211; Die von Wolfgang Hoffmann verfasste Dokumentation der Hedwig-, Mittel- und Realschule S\u00f6gel wurde wegen bestehender Nachfragen noch einmal nachgedruckt. Die heutige Oberschule S\u00f6gel bietet sie f\u00fcr <strong>25,00 Euro<\/strong> (280 Seiten) im Sekretariat der Au\u00dfenstelle der Oberschule (ehemaliges Realschulgeb\u00e4ude), Telefon: 05952\/9693630; E-Mail: <a href=\"mailto:arling@obs-soegel.de\">arling@obs-soegel.de<\/a> \u00a0an. Ebenso ist sie bei der Touristik-Information, Am Markt 2, und bei der Buchhandlung L\u00fcbs in S\u00f6gel erh\u00e4ltlich.<br \/>\nDie Daten-, Fakten- und Foto-Dokumentation bezieht sich auf die Schulgeschichte, auf Schulordnungen und Abschlussqualifikationen. Sch\u00fcler, Kollegien und Mitarbeiter, Schulleiter und Schulgeb\u00e4ude werden ebenso beschrieben wie die Geschichte der Hedwigschule und der Hedwigkapelle. Chronologisch erfasst sind alle Mittelschul- bzw. Realschulabsolventen von 1940 bis 2009. In den meisten F\u00e4llen sind sie mit ihren Klassenlehrern mit Foto abgebildet.<\/p>\n<p>Text: Oberschule S\u00f6gel<\/p>\n<p><a href=\"https:\/\/www.forum-soegel.de\/information\/2018\/12\/dokumentation-der-hedwig-mittel-und-realschule-soegel-1834-2009-3\/hedwigschule\/\" rel=\"attachment wp-att-25654\"><img loading=\"lazy\" decoding=\"async\" class=\"alignnone size-medium wp-image-25654\" src=\"https:\/\/www.forum-soegel.de\/information\/wp-content\/uploads\/2018\/12\/Hedwigschule-300x195.jpg\" alt=\"\" width=\"300\" height=\"195\" srcset=\"https:\/\/www.forum-soegel.de\/information\/wp-content\/uploads\/2018\/12\/Hedwigschule-300x195.jpg 300w, https:\/\/www.forum-soegel.de\/information\/wp-content\/uploads\/2018\/12\/Hedwigschule.jpg 353w\" sizes=\"auto, (max-width: 300px) 100vw, 300px\" \/><\/a><\/p>\n","protected":false},"excerpt":{"rendered":"S\u00f6gel &#8211; Die von Wolfgang Hoffmann verfasste Dokumentation der Hedwig-, Mittel- und Realschule S\u00f6gel wurde wegen bestehender Nachfragen noch einmal nachgedruckt. Die heutige Oberschule S\u00f6gel bietet sie f\u00fcr 25,00 Euro (280 Seiten) im Sekretariat der Au\u00dfenstelle der Oberschule (ehemaliges Realschulgeb\u00e4ude), Telefon: 05952\/9693630; E-Mail: arling@obs-soegel.de \u00a0an. Ebenso ist sie bei der Touristik-Information, Am Markt 2, und [&hellip;]\n","protected":false},"author":2,"featured_media":0,"comment_status":"closed","ping_status":"closed","sticky":false,"template":"","format":"standard","meta":{"ngg_post_thumbnail":0,"footnotes":""},"categories":[6],"tags":[],"class_list":["post-25653","post","type-post","status-publish","format-standard","hentry","category-aus-der-schule-geplaudert"],"_links":{"self":[{"href":"https:\/\/www.forum-soegel.de\/information\/wp-json\/wp\/v2\/posts\/25653","targetHints":{"allow":["GET"]}}],"collection":[{"href":"https:\/\/www.forum-soegel.de\/information\/wp-json\/wp\/v2\/posts"}],"about":[{"href":"https:\/\/www.forum-soegel.de\/information\/wp-json\/wp\/v2\/types\/post"}],"author":[{"embeddable":true,"href":"https:\/\/www.forum-soegel.de\/information\/wp-json\/wp\/v2\/users\/2"}],"replies":[{"embeddable":true,"href":"https:\/\/www.forum-soegel.de\/information\/wp-json\/wp\/v2\/comments?post=25653"}],"version-history":[{"count":2,"href":"https:\/\/www.forum-soegel.de\/information\/wp-json\/wp\/v2\/posts\/25653\/revisions"}],"predecessor-version":[{"id":25656,"href":"https:\/\/www.forum-soegel.de\/information\/wp-json\/wp\/v2\/posts\/25653\/revisions\/25656"}],"wp:attachment":[{"href":"https:\/\/www.forum-soegel.de\/information\/wp-json\/wp\/v2\/media?parent=25653"}],"wp:term":[{"taxonomy":"category","embeddable":true,"href":"https:\/\/www.forum-soegel.de\/information\/wp-json\/wp\/v2\/categories?post=25653"},{"taxonomy":"post_tag","embeddable":true,"href":"https:\/\/www.forum-soegel.de\/information\/wp-json\/wp\/v2\/tags?post=25653"}],"curies":[{"name":"wp","href":"https:\/\/api.w.org\/{rel}","templated":true}]}}