{"id":25648,"date":"2018-12-24T16:18:27","date_gmt":"2018-12-24T15:18:27","guid":{"rendered":"https:\/\/www.forum-soegel.de\/information\/?p=25648"},"modified":"2018-12-24T16:18:27","modified_gmt":"2018-12-24T15:18:27","slug":"aktionen-gelbe-fuesse-und-lesestart-sets","status":"publish","type":"post","link":"https:\/\/www.forum-soegel.de\/information\/2018\/12\/aktionen-gelbe-fuesse-und-lesestart-sets\/","title":{"rendered":"Aktionen \u201eGelbe F\u00fc\u00dfe\u201c und \u201eLesestart-Sets\u201c"},"content":{"rendered":"<p>B\u00f6rger &#8211; Am 25.10.2018 erkundeten die Erstkl\u00e4ssler der Grundschule B\u00f6rger im Rahmen der Aktion \u201eGelbe F\u00fc\u00dfe\u201c gemeinsam mit dem Polizisten Herrn Eilers den Schulweg. An ausgew\u00e4hlten Stellen \u00fcbten sie das \u00dcberqueren der Stra\u00dfe und lernten Regeln f\u00fcr eine verantwortungsbewusste Teilnahme am Stra\u00dfenverkehr kennen. Jeder Sch\u00fcler durfte einen kleinen, gelben Fu\u00df auf das Pflaster spr\u00fchen. Diese gelben F\u00fc\u00dfe sollen eine Erinnerungshilfe f\u00fcr einen sicheren Schulweg sein.<\/p>\n<p>Passend dazu erhielt jeder Erstkl\u00e4ssler vom ADAC eine leuchtend gelbe Warnweste mit Reflektoren, um in der dunklen Jahreszeit besser gesehen zu werden.<\/p>\n<p>Einen weiteren Grund zur Freude gab es nach dem Unterrichtsgang. Alle Erstkl\u00e4ssler durften sich \u00fcber ein Lesestart-Set der Stiftung Lesen freuen, das ein Buch und Vorlesetipps beinhaltet<\/p>\n<p>Text: Arnika Helle\/ Foto: Grundschule B\u00f6rger<\/p>\n<p><a href=\"https:\/\/www.forum-soegel.de\/information\/2018\/12\/aktionen-gelbe-fuesse-und-lesestart-sets\/aktionen-gelbe-fuesse-und-lesestart-sets-2\/\" rel=\"attachment wp-att-25649\"><img loading=\"lazy\" decoding=\"async\" class=\"alignnone size-thumbnail wp-image-25649\" src=\"https:\/\/www.forum-soegel.de\/information\/wp-content\/uploads\/2018\/12\/Aktionen-Gelbe-F\u00fc\u00dfe-und-Lesestart-Sets-2-150x150.jpg\" alt=\"\" width=\"150\" height=\"150\" \/><\/a> <a href=\"https:\/\/www.forum-soegel.de\/information\/2018\/12\/aktionen-gelbe-fuesse-und-lesestart-sets\/aktionen-gelbe-fuesse-und-lesestart-sets-1\/\" rel=\"attachment wp-att-25650\"><img loading=\"lazy\" decoding=\"async\" class=\"alignnone size-thumbnail wp-image-25650\" src=\"https:\/\/www.forum-soegel.de\/information\/wp-content\/uploads\/2018\/12\/Aktionen-Gelbe-F\u00fc\u00dfe-und-Lesestart-Sets-1-150x150.jpg\" alt=\"\" width=\"150\" height=\"150\" \/><\/a><\/p>\n","protected":false},"excerpt":{"rendered":"B\u00f6rger &#8211; Am 25.10.2018 erkundeten die Erstkl\u00e4ssler der Grundschule B\u00f6rger im Rahmen der Aktion \u201eGelbe F\u00fc\u00dfe\u201c gemeinsam mit dem Polizisten Herrn Eilers den Schulweg. An ausgew\u00e4hlten Stellen \u00fcbten sie das \u00dcberqueren der Stra\u00dfe und lernten Regeln f\u00fcr eine verantwortungsbewusste Teilnahme am Stra\u00dfenverkehr kennen. Jeder Sch\u00fcler durfte einen kleinen, gelben Fu\u00df auf das Pflaster spr\u00fchen. Diese [&hellip;]\n","protected":false},"author":2,"featured_media":0,"comment_status":"closed","ping_status":"closed","sticky":false,"template":"","format":"standard","meta":{"ngg_post_thumbnail":0,"footnotes":""},"categories":[6],"tags":[],"class_list":["post-25648","post","type-post","status-publish","format-standard","hentry","category-aus-der-schule-geplaudert"],"_links":{"self":[{"href":"https:\/\/www.forum-soegel.de\/information\/wp-json\/wp\/v2\/posts\/25648","targetHints":{"allow":["GET"]}}],"collection":[{"href":"https:\/\/www.forum-soegel.de\/information\/wp-json\/wp\/v2\/posts"}],"about":[{"href":"https:\/\/www.forum-soegel.de\/information\/wp-json\/wp\/v2\/types\/post"}],"author":[{"embeddable":true,"href":"https:\/\/www.forum-soegel.de\/information\/wp-json\/wp\/v2\/users\/2"}],"replies":[{"embeddable":true,"href":"https:\/\/www.forum-soegel.de\/information\/wp-json\/wp\/v2\/comments?post=25648"}],"version-history":[{"count":2,"href":"https:\/\/www.forum-soegel.de\/information\/wp-json\/wp\/v2\/posts\/25648\/revisions"}],"predecessor-version":[{"id":25652,"href":"https:\/\/www.forum-soegel.de\/information\/wp-json\/wp\/v2\/posts\/25648\/revisions\/25652"}],"wp:attachment":[{"href":"https:\/\/www.forum-soegel.de\/information\/wp-json\/wp\/v2\/media?parent=25648"}],"wp:term":[{"taxonomy":"category","embeddable":true,"href":"https:\/\/www.forum-soegel.de\/information\/wp-json\/wp\/v2\/categories?post=25648"},{"taxonomy":"post_tag","embeddable":true,"href":"https:\/\/www.forum-soegel.de\/information\/wp-json\/wp\/v2\/tags?post=25648"}],"curies":[{"name":"wp","href":"https:\/\/api.w.org\/{rel}","templated":true}]}}