{"id":25640,"date":"2018-12-24T16:16:02","date_gmt":"2018-12-24T15:16:02","guid":{"rendered":"https:\/\/www.forum-soegel.de\/information\/?p=25640"},"modified":"2018-12-24T16:16:02","modified_gmt":"2018-12-24T15:16:02","slug":"sportler-des-sv-stavern-in-neuem-outfit","status":"publish","type":"post","link":"https:\/\/www.forum-soegel.de\/information\/2018\/12\/sportler-des-sv-stavern-in-neuem-outfit\/","title":{"rendered":"Sportler des SV Stavern in neuem Outfit"},"content":{"rendered":"<p>Stavern &#8211; Alle Sportler, die in den Fu\u00dfballmannschaften und in den Kinderturngruppen des SV Stavern aktiv sind, erhielten ein einheitliches Outfit. Es wurden 250 Trainingsanz\u00fcge und Poloshirts mit einem Kostenaufwand von 8.000 Euro angeschafft. Neben einem Eigenanteil der Sportler und des Vereins erfolgte die Finanzierung zu einem gro\u00dfen Teil durch Spenden der Staverner Landwirte. Sie wollen auch in der Zukunft als starker Partner des Sportvereins auftreten und ihn finanziellen bei den vielf\u00e4ltigen Aufgaben unterst\u00fctzen. Zudem haben sie sich als Werbepartner bei der Bandenwerbung auf dem Sportplatz und dem Vereins Bulli beteiligt.<\/p>\n<p>Die \u00dcbergabe der Trainingsanz\u00fcge mit dem Aufdruck \u201eWir ackern f\u00fcr Euch\u201c erfolgte bei einem Freundschaftsspiel der A-Jugend gegen die 2. Mannschaft auf dem Sportgel\u00e4nde in Gro\u00df Stavern. Trotz des regnerischen Wetters hatten sich fast alle Sportler und die Landwirte zur \u00dcbergabe getroffen. Der Vorsitzende Daniel Keuter bedankte sich in erster Linie bei den Initiatoren Jens Suren und Franz Br\u00f6ker, aber auch bei den Vorstandskollegen bzw. Verantwortlichen der Mannschaften, die innerhalb k\u00fcrzester Zeit diese Anschaffung realisiert hatten.<\/p>\n<p>Text\/Foto: Gerd Rode<\/p>\n<div id=\"attachment_25641\" style=\"width: 310px\" class=\"wp-caption alignnone\"><a href=\"https:\/\/www.forum-soegel.de\/information\/2018\/12\/sportler-des-sv-stavern-in-neuem-outfit\/sportler-des-sv-stavern-in-neuem-outfit\/\" rel=\"attachment wp-att-25641\"><img loading=\"lazy\" decoding=\"async\" aria-describedby=\"caption-attachment-25641\" class=\"size-medium wp-image-25641\" src=\"https:\/\/www.forum-soegel.de\/information\/wp-content\/uploads\/2018\/12\/Sportler-des-SV-Stavern-in-neuem-Outfit-300x91.jpg\" alt=\"\" width=\"300\" height=\"91\" srcset=\"https:\/\/www.forum-soegel.de\/information\/wp-content\/uploads\/2018\/12\/Sportler-des-SV-Stavern-in-neuem-Outfit-300x91.jpg 300w, https:\/\/www.forum-soegel.de\/information\/wp-content\/uploads\/2018\/12\/Sportler-des-SV-Stavern-in-neuem-Outfit-768x233.jpg 768w, https:\/\/www.forum-soegel.de\/information\/wp-content\/uploads\/2018\/12\/Sportler-des-SV-Stavern-in-neuem-Outfit.jpg 1024w\" sizes=\"auto, (max-width: 300px) 100vw, 300px\" \/><\/a><p id=\"caption-attachment-25641\" class=\"wp-caption-text\">Das Foto zeigt die Sportler mit den Sponsoren auf dem Sportgel\u00e4nde in Gro\u00df Stavern.<\/p><\/div>\n","protected":false},"excerpt":{"rendered":"Stavern &#8211; Alle Sportler, die in den Fu\u00dfballmannschaften und in den Kinderturngruppen des SV Stavern aktiv sind, erhielten ein einheitliches Outfit. Es wurden 250 Trainingsanz\u00fcge und Poloshirts mit einem Kostenaufwand von 8.000 Euro angeschafft. Neben einem Eigenanteil der Sportler und des Vereins erfolgte die Finanzierung zu einem gro\u00dfen Teil durch Spenden der Staverner Landwirte. Sie [&hellip;]\n","protected":false},"author":2,"featured_media":0,"comment_status":"closed","ping_status":"closed","sticky":false,"template":"","format":"standard","meta":{"ngg_post_thumbnail":0,"footnotes":""},"categories":[5],"tags":[],"class_list":["post-25640","post","type-post","status-publish","format-standard","hentry","category-was-machen-die-vereine"],"_links":{"self":[{"href":"https:\/\/www.forum-soegel.de\/information\/wp-json\/wp\/v2\/posts\/25640","targetHints":{"allow":["GET"]}}],"collection":[{"href":"https:\/\/www.forum-soegel.de\/information\/wp-json\/wp\/v2\/posts"}],"about":[{"href":"https:\/\/www.forum-soegel.de\/information\/wp-json\/wp\/v2\/types\/post"}],"author":[{"embeddable":true,"href":"https:\/\/www.forum-soegel.de\/information\/wp-json\/wp\/v2\/users\/2"}],"replies":[{"embeddable":true,"href":"https:\/\/www.forum-soegel.de\/information\/wp-json\/wp\/v2\/comments?post=25640"}],"version-history":[{"count":2,"href":"https:\/\/www.forum-soegel.de\/information\/wp-json\/wp\/v2\/posts\/25640\/revisions"}],"predecessor-version":[{"id":25643,"href":"https:\/\/www.forum-soegel.de\/information\/wp-json\/wp\/v2\/posts\/25640\/revisions\/25643"}],"wp:attachment":[{"href":"https:\/\/www.forum-soegel.de\/information\/wp-json\/wp\/v2\/media?parent=25640"}],"wp:term":[{"taxonomy":"category","embeddable":true,"href":"https:\/\/www.forum-soegel.de\/information\/wp-json\/wp\/v2\/categories?post=25640"},{"taxonomy":"post_tag","embeddable":true,"href":"https:\/\/www.forum-soegel.de\/information\/wp-json\/wp\/v2\/tags?post=25640"}],"curies":[{"name":"wp","href":"https:\/\/api.w.org\/{rel}","templated":true}]}}