{"id":2562,"date":"2010-07-01T00:10:46","date_gmt":"2010-06-30T22:10:46","guid":{"rendered":"https:\/\/www.forum-soegel.de\/information\/?p=2562"},"modified":"2010-06-30T19:12:12","modified_gmt":"2010-06-30T17:12:12","slug":"ich-brauche-beratung-von-den-menschen-vor-ort-2","status":"publish","type":"post","link":"https:\/\/www.forum-soegel.de\/information\/2010\/07\/ich-brauche-beratung-von-den-menschen-vor-ort-2\/","title":{"rendered":"Ich brauche Beratung von den Menschen vor Ort."},"content":{"rendered":"<p>Als Bundestagsabgeordnete und damit in ihrer Eigenschaft als Mitglied im Ausschuss\u00a0 f\u00fcr Arbeit und Soziales besuchte Gitta Connemann am 26. Mai das Seniorenheim Haus Simeon in S\u00f6gel.<\/p>\n<p>Gemeinsam mit Vertretern der Gemeinde S\u00f6gel und den Gesch\u00e4ftsf\u00fchrern des Caritasverbandes lie\u00df sich Connemann von der Heimleiterin Ingrid Wotte die Einrichtung zeigen.<\/p>\n<p>Sie zeigte sich beeindruckt von den R\u00e4umlichkeiten und den vielschichtigen besch\u00e4ftigungstherapeutischen\u00a0 Angeboten.<\/p>\n<p>Im Anschluss an die F\u00fchrung hatten der Heimbeirat, sowie Mitarbeiter des Hauses und ehrenamtliche Helfer Gelegenheit in einer offenen Diskussionsrunde Fragen zu stellen und\u00a0 W\u00fcnsche zu \u00e4u\u00dfern.<\/p>\n<p>Elisabet Hellwig, Vorsitzende des Heimbeirats, sprach von einer gro\u00dfen\u00a0 Zufriedenheit der Mitbewohner mit den Leistungen des Hauses.<\/p>\n<p>Zentrales Thema bei solchen Anl\u00e4ssen ist nat\u00fcrlich immer die finanzielle Ausstattung der Pflegeeinrichtungen im allgemeinen.<\/p>\n<p>Hier waren nicht zuletzt die Vertreter der Caritas gefordert, die als Tr\u00e4ger der Einrichtung Handlungsbedarf dokumentieren m\u00fcssen.<\/p>\n<p>Connemann: \u201eIch brauche die\u00a0 Beratung von den Menschen vor Ort\u201c, den Menschen, die nah dran sind und \u00fcber Detailkenntnis der Probleme verf\u00fcgen<\/p>\n<p>Mit diesem Wissen k\u00f6nnen wir auch von politischer Seite versuchen L\u00f6sungen zu finden.<\/p>\n<p>Ein Beispiel f\u00fcr die Realit\u00e4tsferne in der Gesetzgebung nannte Pflegedienstleiter\u00a0 Johannes Sievers,<\/p>\n<p>Sch\u00fcler in der Altenpflege sind bei ihrem Einsatz von 3 Jahren nur die h\u00e4lfte der Zeit\u00a0 in der Stammeinrichtung. ( Schule, zwei externe Praktika und Urlaub ) Sie sind damit, rein rechnerisch, genau so teuer wie eine Pflegefachkraft.<\/p>\n<p>Aufgrund dessen ist die Bereitschaft Sch\u00fcler einzustellen weit zur\u00fcck gegangen.<\/p>\n<p>Noch werden diese Kosten im Haus Simeon aufgefangen.<\/p>\n<p>Anlass zur Kritik bietet auch die Benotung des MDK.<\/p>\n<p>Ein ver\u00e4ndertes Studienverfahren f\u00fchrt, vereinfacht ausgedr\u00fcckt, zu vielen \u201eExperten\u201c und weniger \u201eArbeitern\u201c in der Altenpflege.<\/p>\n<p>\u00a0Die Vertreter der Caritas sagten zu, \u201esie h\u00e4tten verstanden\u201c<\/p>\n<p>Nichts desto trotz \u00a0nahm Gitta Connemann den Eindruck mit, in den vielen Senioreneinrichtungen, so auch im Haus Simeon wird der Beruf der Altenpflegerin noch als Berufung empfunden.<\/p>\n<p>Text\/Foto: KS<\/p>\n<div id=\"attachment_2564\" style=\"width: 310px\" class=\"wp-caption alignnone\"><a href=\"https:\/\/www.forum-soegel.de\/information\/wp-content\/uploads\/2010\/06\/Gitta-Connemann11.jpg\"><img loading=\"lazy\" decoding=\"async\" aria-describedby=\"caption-attachment-2564\" class=\"size-medium wp-image-2564 \" title=\"Gitta Connemann1\" src=\"https:\/\/www.forum-soegel.de\/information\/wp-content\/uploads\/2010\/06\/Gitta-Connemann11-300x225.jpg\" alt=\"\" width=\"300\" height=\"225\" srcset=\"https:\/\/www.forum-soegel.de\/information\/wp-content\/uploads\/2010\/06\/Gitta-Connemann11-300x225.jpg 300w, https:\/\/www.forum-soegel.de\/information\/wp-content\/uploads\/2010\/06\/Gitta-Connemann11.jpg 1024w\" sizes=\"auto, (max-width: 300px) 100vw, 300px\" \/><\/a><p id=\"caption-attachment-2564\" class=\"wp-caption-text\">Foto von links Paul Hilbers, Franz Loh, Paul Leitner, Ingrid Wotte, Gitta Knipper, Hermann Ostermann, Uta Kuper, Hans Nowak, Gitta Connemann<\/p><\/div>\n<p>\u00a0\u00a0\u00a0 <a href=\"https:\/\/www.forum-soegel.de\/information\/wp-content\/uploads\/2010\/06\/gitta4.jpg\"><\/a><\/p>\n<p><a href=\"https:\/\/www.forum-soegel.de\/information\/wp-content\/uploads\/2010\/06\/gitta5.jpg\"><img loading=\"lazy\" decoding=\"async\" class=\"alignnone size-thumbnail wp-image-2567\" title=\"gitta5\" src=\"https:\/\/www.forum-soegel.de\/information\/wp-content\/uploads\/2010\/06\/gitta5-150x150.jpg\" alt=\"\" width=\"150\" height=\"150\" \/><\/a>\u00a0\u00a0<a href=\"https:\/\/www.forum-soegel.de\/information\/wp-content\/uploads\/2010\/06\/Gitta-Connemann-21.jpg\"><img loading=\"lazy\" decoding=\"async\" class=\"alignnone size-thumbnail wp-image-2568\" title=\"Gitta Connemann 2\" src=\"https:\/\/www.forum-soegel.de\/information\/wp-content\/uploads\/2010\/06\/Gitta-Connemann-21-150x150.jpg\" alt=\"\" width=\"150\" height=\"150\" \/><\/a>\u00a0<\/p>\n<p><a href=\"https:\/\/www.forum-soegel.de\/information\/wp-content\/uploads\/2010\/07\/gitta4.jpg\"><img loading=\"lazy\" decoding=\"async\" class=\"alignnone size-thumbnail wp-image-2571\" title=\"gitta4\" src=\"https:\/\/www.forum-soegel.de\/information\/wp-content\/uploads\/2010\/07\/gitta4-150x150.jpg\" alt=\"\" width=\"150\" height=\"150\" \/><\/a>\u00a0 <a href=\"https:\/\/www.forum-soegel.de\/information\/wp-content\/uploads\/2010\/06\/gitta3.jpg\"><img loading=\"lazy\" decoding=\"async\" class=\"alignnone size-thumbnail wp-image-2565\" title=\"gitta3\" src=\"https:\/\/www.forum-soegel.de\/information\/wp-content\/uploads\/2010\/06\/gitta3-150x150.jpg\" alt=\"\" width=\"150\" height=\"150\" \/><\/a><\/p>\n","protected":false},"excerpt":{"rendered":"Als Bundestagsabgeordnete und damit in ihrer Eigenschaft als Mitglied im Ausschuss\u00a0 f\u00fcr Arbeit und Soziales besuchte Gitta Connemann am 26. Mai das Seniorenheim Haus Simeon in S\u00f6gel. Gemeinsam mit Vertretern der Gemeinde S\u00f6gel und den Gesch\u00e4ftsf\u00fchrern des Caritasverbandes lie\u00df sich Connemann von der Heimleiterin Ingrid Wotte die Einrichtung zeigen. Sie zeigte sich beeindruckt von den [&hellip;]\n","protected":false},"author":2,"featured_media":0,"comment_status":"closed","ping_status":"closed","sticky":false,"template":"","format":"standard","meta":{"ngg_post_thumbnail":0,"footnotes":""},"categories":[3],"tags":[],"class_list":["post-2562","post","type-post","status-publish","format-standard","hentry","category-aktuelles-aus-der-region"],"_links":{"self":[{"href":"https:\/\/www.forum-soegel.de\/information\/wp-json\/wp\/v2\/posts\/2562","targetHints":{"allow":["GET"]}}],"collection":[{"href":"https:\/\/www.forum-soegel.de\/information\/wp-json\/wp\/v2\/posts"}],"about":[{"href":"https:\/\/www.forum-soegel.de\/information\/wp-json\/wp\/v2\/types\/post"}],"author":[{"embeddable":true,"href":"https:\/\/www.forum-soegel.de\/information\/wp-json\/wp\/v2\/users\/2"}],"replies":[{"embeddable":true,"href":"https:\/\/www.forum-soegel.de\/information\/wp-json\/wp\/v2\/comments?post=2562"}],"version-history":[{"count":6,"href":"https:\/\/www.forum-soegel.de\/information\/wp-json\/wp\/v2\/posts\/2562\/revisions"}],"predecessor-version":[{"id":2570,"href":"https:\/\/www.forum-soegel.de\/information\/wp-json\/wp\/v2\/posts\/2562\/revisions\/2570"}],"wp:attachment":[{"href":"https:\/\/www.forum-soegel.de\/information\/wp-json\/wp\/v2\/media?parent=2562"}],"wp:term":[{"taxonomy":"category","embeddable":true,"href":"https:\/\/www.forum-soegel.de\/information\/wp-json\/wp\/v2\/categories?post=2562"},{"taxonomy":"post_tag","embeddable":true,"href":"https:\/\/www.forum-soegel.de\/information\/wp-json\/wp\/v2\/tags?post=2562"}],"curies":[{"name":"wp","href":"https:\/\/api.w.org\/{rel}","templated":true}]}}