{"id":25617,"date":"2018-12-24T16:03:35","date_gmt":"2018-12-24T15:03:35","guid":{"rendered":"https:\/\/www.forum-soegel.de\/information\/?p=25617"},"modified":"2018-12-24T16:09:09","modified_gmt":"2018-12-24T15:09:09","slug":"neue-trikots-fuer-die-weibliche-a-handballmannschaft","status":"publish","type":"post","link":"https:\/\/www.forum-soegel.de\/information\/2018\/12\/neue-trikots-fuer-die-weibliche-a-handballmannschaft\/","title":{"rendered":"Neue Trikots f\u00fcr die weibliche A Handballmannschaft"},"content":{"rendered":"<div id=\"attachment_25624\" style=\"width: 310px\" class=\"wp-caption alignnone\"><a href=\"https:\/\/www.forum-soegel.de\/information\/2018\/12\/neue-trikots-fuer-die-weibliche-a-handballmannschaft\/neue-trikots-fuer-die-weibliche-a-handballmannschaft-2\/\" rel=\"attachment wp-att-25624\"><img loading=\"lazy\" decoding=\"async\" aria-describedby=\"caption-attachment-25624\" class=\"size-medium wp-image-25624\" src=\"https:\/\/www.forum-soegel.de\/information\/wp-content\/uploads\/2018\/12\/Neue-Trikots-f\u00fcr-die-weibliche-A-Handballmannschaft-300x225.jpeg\" alt=\"\" width=\"300\" height=\"225\" srcset=\"https:\/\/www.forum-soegel.de\/information\/wp-content\/uploads\/2018\/12\/Neue-Trikots-f\u00fcr-die-weibliche-A-Handballmannschaft-300x225.jpeg 300w, https:\/\/www.forum-soegel.de\/information\/wp-content\/uploads\/2018\/12\/Neue-Trikots-f\u00fcr-die-weibliche-A-Handballmannschaft-768x576.jpeg 768w, https:\/\/www.forum-soegel.de\/information\/wp-content\/uploads\/2018\/12\/Neue-Trikots-f\u00fcr-die-weibliche-A-Handballmannschaft-1024x768.jpeg 1024w\" sizes=\"auto, (max-width: 300px) 100vw, 300px\" \/><\/a><p id=\"caption-attachment-25624\" class=\"wp-caption-text\">S\u00f6gel &#8211; Anl\u00e4sslich des neuen Saisonstarts 2018\/2019 sponsorte die Firma Inholte Metallbau &amp; Edelstahltechnik GmbH &amp; Co. KG aus S\u00f6gel die neuen Trikots der weiblichen A Handballmannschaft. F\u00fcr die Unterst\u00fctzung bedankte sich die Mannschaft bei Manfred Inholte mit einem kleinen Pr\u00e4sent. Mit den neuen Trikots konnte mit viel Motivation in die Saison gestartet werden.<br \/>Text\/Foto: Vivien Inholte f\u00fcr die Mannschaft<\/p><\/div>\n","protected":false},"excerpt":{"rendered":"","protected":false},"author":2,"featured_media":0,"comment_status":"closed","ping_status":"closed","sticky":false,"template":"","format":"standard","meta":{"ngg_post_thumbnail":0,"footnotes":""},"categories":[5],"tags":[],"class_list":["post-25617","post","type-post","status-publish","format-standard","hentry","category-was-machen-die-vereine"],"_links":{"self":[{"href":"https:\/\/www.forum-soegel.de\/information\/wp-json\/wp\/v2\/posts\/25617","targetHints":{"allow":["GET"]}}],"collection":[{"href":"https:\/\/www.forum-soegel.de\/information\/wp-json\/wp\/v2\/posts"}],"about":[{"href":"https:\/\/www.forum-soegel.de\/information\/wp-json\/wp\/v2\/types\/post"}],"author":[{"embeddable":true,"href":"https:\/\/www.forum-soegel.de\/information\/wp-json\/wp\/v2\/users\/2"}],"replies":[{"embeddable":true,"href":"https:\/\/www.forum-soegel.de\/information\/wp-json\/wp\/v2\/comments?post=25617"}],"version-history":[{"count":5,"href":"https:\/\/www.forum-soegel.de\/information\/wp-json\/wp\/v2\/posts\/25617\/revisions"}],"predecessor-version":[{"id":25625,"href":"https:\/\/www.forum-soegel.de\/information\/wp-json\/wp\/v2\/posts\/25617\/revisions\/25625"}],"wp:attachment":[{"href":"https:\/\/www.forum-soegel.de\/information\/wp-json\/wp\/v2\/media?parent=25617"}],"wp:term":[{"taxonomy":"category","embeddable":true,"href":"https:\/\/www.forum-soegel.de\/information\/wp-json\/wp\/v2\/categories?post=25617"},{"taxonomy":"post_tag","embeddable":true,"href":"https:\/\/www.forum-soegel.de\/information\/wp-json\/wp\/v2\/tags?post=25617"}],"curies":[{"name":"wp","href":"https:\/\/api.w.org\/{rel}","templated":true}]}}