{"id":25609,"date":"2018-12-24T16:01:30","date_gmt":"2018-12-24T15:01:30","guid":{"rendered":"https:\/\/www.forum-soegel.de\/information\/?p=25609"},"modified":"2018-12-24T16:01:30","modified_gmt":"2018-12-24T15:01:30","slug":"dlrg-stuetzpunkt-berssen-aktuell","status":"publish","type":"post","link":"https:\/\/www.forum-soegel.de\/information\/2018\/12\/dlrg-stuetzpunkt-berssen-aktuell\/","title":{"rendered":"DLRG St\u00fctzpunkt Ber\u00dfen aktuell"},"content":{"rendered":"<p>Ber\u00dfen &#8211; Eine erfolgreiche Freibadsaison 2018 liegt hinter uns. Obwohl bundesweit die Statistik der Nichtschwimmer an Grundschulen stetig ansteigt, d\u00fcrfen wir in Klein Berssen mit Stolz sagen, dass fast alle Erstkl\u00e4ssler der Grundschule S\u00fcd H\u00fcmmling schwimmen k\u00f6nnen!<\/p>\n<p>Im letzten Sommer haben<br \/>\n35 Kinder das Seepferdchen<\/p>\n<p>38 Kinder das Jugendschwimmabzeichen in Bronze<\/p>\n<p>28 Kinder das Jugendschwimmabzeichen in Silber<\/p>\n<p>18 Kinder das Jugendschwimmabzeichen in Gold<\/p>\n<p>8 Kinder den Junior Retter<\/p>\n<p>1 Erwachsener\u00a0 den Rettungsschwimmer Bronze erworben.<\/p>\n<p>Mit 15 aktiven Ausbildern leisteten wir an 41 Tagen 123 Stunden Schwimmausbildung. An 3 Sonntagen \u00fcbernahm die DLRG die Badeaufsicht im Freibad und in diesem Sommer zum dritten\u00a0 Mal an 8 Mittwochvormittagen die Aufsicht bei der Aquagymnastik. Alles ehrenamtlich!<\/p>\n<p>F\u00fcr Fragen stehen wir gerne zu Verf\u00fcgung.\u00a0 Meldet Euch per WhatsApp unter 0160-92032283 oder E-Mail stuetzpunkt-berssen@meppen.dlrg.de<\/p>\n<p>Wir bedanken uns bei allen, die uns in der Vergangenheit unterst\u00fctzt haben und hoffen, dass uns das Freibad in Klein Ber\u00dfen noch lange erhalten bleibt.<\/p>\n<p>Text\/Foto: Detlef D\u00fchnen<\/p>\n<p><a href=\"https:\/\/www.forum-soegel.de\/information\/2018\/12\/dlrg-stuetzpunkt-berssen-aktuell\/dlrg-stuetzpunkt-berssen-aktuell\/\" rel=\"attachment wp-att-25610\"><img loading=\"lazy\" decoding=\"async\" class=\"alignnone size-medium wp-image-25610\" src=\"https:\/\/www.forum-soegel.de\/information\/wp-content\/uploads\/2018\/12\/DLRG-St\u00fctzpunkt-Ber\u00dfen-aktuell-300x186.jpg\" alt=\"\" width=\"300\" height=\"186\" srcset=\"https:\/\/www.forum-soegel.de\/information\/wp-content\/uploads\/2018\/12\/DLRG-St\u00fctzpunkt-Ber\u00dfen-aktuell-300x186.jpg 300w, https:\/\/www.forum-soegel.de\/information\/wp-content\/uploads\/2018\/12\/DLRG-St\u00fctzpunkt-Ber\u00dfen-aktuell-768x477.jpg 768w, https:\/\/www.forum-soegel.de\/information\/wp-content\/uploads\/2018\/12\/DLRG-St\u00fctzpunkt-Ber\u00dfen-aktuell.jpg 1024w\" sizes=\"auto, (max-width: 300px) 100vw, 300px\" \/><\/a><\/p>\n","protected":false},"excerpt":{"rendered":"Ber\u00dfen &#8211; Eine erfolgreiche Freibadsaison 2018 liegt hinter uns. Obwohl bundesweit die Statistik der Nichtschwimmer an Grundschulen stetig ansteigt, d\u00fcrfen wir in Klein Berssen mit Stolz sagen, dass fast alle Erstkl\u00e4ssler der Grundschule S\u00fcd H\u00fcmmling schwimmen k\u00f6nnen! Im letzten Sommer haben 35 Kinder das Seepferdchen 38 Kinder das Jugendschwimmabzeichen in Bronze 28 Kinder das Jugendschwimmabzeichen [&hellip;]\n","protected":false},"author":2,"featured_media":0,"comment_status":"closed","ping_status":"closed","sticky":false,"template":"","format":"standard","meta":{"ngg_post_thumbnail":0,"footnotes":""},"categories":[5],"tags":[],"class_list":["post-25609","post","type-post","status-publish","format-standard","hentry","category-was-machen-die-vereine"],"_links":{"self":[{"href":"https:\/\/www.forum-soegel.de\/information\/wp-json\/wp\/v2\/posts\/25609","targetHints":{"allow":["GET"]}}],"collection":[{"href":"https:\/\/www.forum-soegel.de\/information\/wp-json\/wp\/v2\/posts"}],"about":[{"href":"https:\/\/www.forum-soegel.de\/information\/wp-json\/wp\/v2\/types\/post"}],"author":[{"embeddable":true,"href":"https:\/\/www.forum-soegel.de\/information\/wp-json\/wp\/v2\/users\/2"}],"replies":[{"embeddable":true,"href":"https:\/\/www.forum-soegel.de\/information\/wp-json\/wp\/v2\/comments?post=25609"}],"version-history":[{"count":2,"href":"https:\/\/www.forum-soegel.de\/information\/wp-json\/wp\/v2\/posts\/25609\/revisions"}],"predecessor-version":[{"id":25612,"href":"https:\/\/www.forum-soegel.de\/information\/wp-json\/wp\/v2\/posts\/25609\/revisions\/25612"}],"wp:attachment":[{"href":"https:\/\/www.forum-soegel.de\/information\/wp-json\/wp\/v2\/media?parent=25609"}],"wp:term":[{"taxonomy":"category","embeddable":true,"href":"https:\/\/www.forum-soegel.de\/information\/wp-json\/wp\/v2\/categories?post=25609"},{"taxonomy":"post_tag","embeddable":true,"href":"https:\/\/www.forum-soegel.de\/information\/wp-json\/wp\/v2\/tags?post=25609"}],"curies":[{"name":"wp","href":"https:\/\/api.w.org\/{rel}","templated":true}]}}