{"id":25601,"date":"2018-12-24T15:59:10","date_gmt":"2018-12-24T14:59:10","guid":{"rendered":"https:\/\/www.forum-soegel.de\/information\/?p=25601"},"modified":"2018-12-24T15:59:10","modified_gmt":"2018-12-24T14:59:10","slug":"verstaerkung-in-werpeloh","status":"publish","type":"post","link":"https:\/\/www.forum-soegel.de\/information\/2018\/12\/verstaerkung-in-werpeloh\/","title":{"rendered":"Verst\u00e4rkung in Werpeloh"},"content":{"rendered":"<p><a href=\"https:\/\/www.forum-soegel.de\/information\/2018\/12\/verstaerkung-in-werpeloh\/raiba-2\/\" rel=\"attachment wp-att-25602\"><img loading=\"lazy\" decoding=\"async\" class=\"alignleft size-full wp-image-25602\" src=\"https:\/\/www.forum-soegel.de\/information\/wp-content\/uploads\/2018\/12\/Raiba.jpg\" alt=\"\" width=\"179\" height=\"117\" \/><\/a>Werpeloh &#8211; Wir haben unser Team verst\u00e4rkt. Seit dem 01.09.2018 steht unseren Kunden in der Gesch\u00e4ftsstelle Werpeloh neben der langj\u00e4hrigen Ansprechpartnerin Petra Str\u00f6hl unser neuer Kundenbetreuer Lutz Kleymann als kompetenter Ansprechpartner zur Verf\u00fcgung. Herr Kleymann ist 28 Jahre alt und seit 10 Jahren im genossenschaftlichen Verbund t\u00e4tig. Nach der Ausbildung und beruflichen Weiterbildungen u.a. zum gepr. Fachwirt f\u00fcr Finanzberatung (IHK) hat Herr Kleymann sein Wissen als Kundenbetreuer in den vergangenen Jahren weiter ausgebaut.<\/p>\n<p>Aufgrund des ver\u00e4nderten Kundenverhaltens passen wir unsere \u00d6ffnungszeiten ab dem 01.01.2019 an:<\/p>\n<p>Montag \u00a0\u00a0\u00a0\u00a0\u00a0\u00a0\u00a0\u00a0\u00a0\u00a0\u00a0 08.30 \u2013 12.30 Uhr<\/p>\n<p>Mittwoch \u00a0\u00a0\u00a0\u00a0\u00a0\u00a0\u00a0\u00a0\u00a0 08.30 \u2013 12.30 Uhr und 14.00 \u2013 17.00 Uhr<\/p>\n<p>Freitag \u00a0\u00a0\u00a0\u00a0\u00a0\u00a0\u00a0\u00a0\u00a0\u00a0\u00a0 08.30 \u2013 12.30 Uhr<\/p>\n<p>Ganz gleich, ob Sie Ihr Geld anlegen m\u00f6chten oder ein passendes Finanzierungsmodell suchen, f\u00fcr Beratungen steht Herr Kleymann Ihnen auch au\u00dferhalb der \u00d6ffnungszeiten gerne zur Verf\u00fcgung.<\/p>\n<p>Termine k\u00f6nnen in der Gesch\u00e4ftsstelle oder telefonisch unter der Tel.-Nr.: 05952\/9322-0 sowie auch gerne per Email: <a href=\"mailto:ksc@emsland-mitte.de\">ksc@emsland-mitte.de<\/a> vereinbart werden.<\/p>\n<p>Ihr Team der<\/p>\n<p>Raiffeisenbank Emsland-Mitte eG<\/p>\n<p>Gesch\u00e4ftsstelle Werpeloh<\/p>\n","protected":false},"excerpt":{"rendered":"Werpeloh &#8211; Wir haben unser Team verst\u00e4rkt. Seit dem 01.09.2018 steht unseren Kunden in der Gesch\u00e4ftsstelle Werpeloh neben der langj\u00e4hrigen Ansprechpartnerin Petra Str\u00f6hl unser neuer Kundenbetreuer Lutz Kleymann als kompetenter Ansprechpartner zur Verf\u00fcgung. Herr Kleymann ist 28 Jahre alt und seit 10 Jahren im genossenschaftlichen Verbund t\u00e4tig. Nach der Ausbildung und beruflichen Weiterbildungen u.a. zum [&hellip;]\n","protected":false},"author":2,"featured_media":0,"comment_status":"closed","ping_status":"closed","sticky":false,"template":"","format":"standard","meta":{"ngg_post_thumbnail":0,"footnotes":""},"categories":[4],"tags":[],"class_list":["post-25601","post","type-post","status-publish","format-standard","hentry","category-aus-der-geschaftswelt"],"_links":{"self":[{"href":"https:\/\/www.forum-soegel.de\/information\/wp-json\/wp\/v2\/posts\/25601","targetHints":{"allow":["GET"]}}],"collection":[{"href":"https:\/\/www.forum-soegel.de\/information\/wp-json\/wp\/v2\/posts"}],"about":[{"href":"https:\/\/www.forum-soegel.de\/information\/wp-json\/wp\/v2\/types\/post"}],"author":[{"embeddable":true,"href":"https:\/\/www.forum-soegel.de\/information\/wp-json\/wp\/v2\/users\/2"}],"replies":[{"embeddable":true,"href":"https:\/\/www.forum-soegel.de\/information\/wp-json\/wp\/v2\/comments?post=25601"}],"version-history":[{"count":2,"href":"https:\/\/www.forum-soegel.de\/information\/wp-json\/wp\/v2\/posts\/25601\/revisions"}],"predecessor-version":[{"id":25604,"href":"https:\/\/www.forum-soegel.de\/information\/wp-json\/wp\/v2\/posts\/25601\/revisions\/25604"}],"wp:attachment":[{"href":"https:\/\/www.forum-soegel.de\/information\/wp-json\/wp\/v2\/media?parent=25601"}],"wp:term":[{"taxonomy":"category","embeddable":true,"href":"https:\/\/www.forum-soegel.de\/information\/wp-json\/wp\/v2\/categories?post=25601"},{"taxonomy":"post_tag","embeddable":true,"href":"https:\/\/www.forum-soegel.de\/information\/wp-json\/wp\/v2\/tags?post=25601"}],"curies":[{"name":"wp","href":"https:\/\/api.w.org\/{rel}","templated":true}]}}