{"id":25597,"date":"2018-12-24T15:55:37","date_gmt":"2018-12-24T14:55:37","guid":{"rendered":"https:\/\/www.forum-soegel.de\/information\/?p=25597"},"modified":"2018-12-24T15:55:37","modified_gmt":"2018-12-24T14:55:37","slug":"lilis-stoffladen","status":"publish","type":"post","link":"https:\/\/www.forum-soegel.de\/information\/2018\/12\/lilis-stoffladen\/","title":{"rendered":"Lilis Stoffladen"},"content":{"rendered":"<p><strong>Neuer\u00f6ffnung am S\u00f6geler Marktplatz<\/strong><\/p>\n<p>S\u00f6gel &#8211; Liliana Alfonso hat in S\u00f6gel direkt am Marktplatz einen Stoffladen er\u00f6ffnet. Dazu gratulierten Vorsitzende Anja Deeken-Rickermann vom Wirtschaftsverband S\u00f6gel und B\u00fcrgermeisterin Irmgard Welling von der Gemeinde S\u00f6gel ganz herzlich.<\/p>\n<p>Sie w\u00fcnschten Alfonso einen guten Gesch\u00e4ftserfolg. Welling brachte zum Ausdruck, dass Alfonso mit ihrem Stoffladen in der Ortsmitte von S\u00f6gel gut aufgehoben sei. \u201eHier treffen die Menschen zusammen und haben kurze Wege zu Ihrem Gesch\u00e4ft.\u201c Deeken-Rickermann zeigte sich von dem vielf\u00e4ltigen Angebot angetan. Alfonso bietet zus\u00e4tzlich zu den zahlreichen Stoffen auch N\u00e4hkurse an.<\/p>\n<p>\u00c4nderungsschneiderei, aber auch Mode nach Ma\u00df erg\u00e4nzen das Portfolio von Alfonso. Alfonso dazu: \u201eIch\u00a0 m\u00f6chte modebewussten Kunden die M\u00f6glichkeit bieten, sich ihren Wunsch nach individueller Kleidung zu erf\u00fcllen.\u201c<\/p>\n<p>Text\/Foto: Ingrid Cloppenburg<\/p>\n<p><a href=\"https:\/\/www.forum-soegel.de\/information\/2018\/12\/lilis-stoffladen\/lilis-stoffladen\/\" rel=\"attachment wp-att-25598\"><img loading=\"lazy\" decoding=\"async\" class=\"alignnone size-medium wp-image-25598\" src=\"https:\/\/www.forum-soegel.de\/information\/wp-content\/uploads\/2018\/12\/Lilis-Stoffladen-300x225.jpg\" alt=\"\" width=\"300\" height=\"225\" srcset=\"https:\/\/www.forum-soegel.de\/information\/wp-content\/uploads\/2018\/12\/Lilis-Stoffladen-300x225.jpg 300w, https:\/\/www.forum-soegel.de\/information\/wp-content\/uploads\/2018\/12\/Lilis-Stoffladen-768x576.jpg 768w, https:\/\/www.forum-soegel.de\/information\/wp-content\/uploads\/2018\/12\/Lilis-Stoffladen.jpg 1024w\" sizes=\"auto, (max-width: 300px) 100vw, 300px\" \/><\/a><\/p>\n","protected":false},"excerpt":{"rendered":"Neuer\u00f6ffnung am S\u00f6geler Marktplatz S\u00f6gel &#8211; Liliana Alfonso hat in S\u00f6gel direkt am Marktplatz einen Stoffladen er\u00f6ffnet. Dazu gratulierten Vorsitzende Anja Deeken-Rickermann vom Wirtschaftsverband S\u00f6gel und B\u00fcrgermeisterin Irmgard Welling von der Gemeinde S\u00f6gel ganz herzlich. Sie w\u00fcnschten Alfonso einen guten Gesch\u00e4ftserfolg. Welling brachte zum Ausdruck, dass Alfonso mit ihrem Stoffladen in der Ortsmitte von S\u00f6gel [&hellip;]\n","protected":false},"author":2,"featured_media":0,"comment_status":"closed","ping_status":"closed","sticky":false,"template":"","format":"standard","meta":{"ngg_post_thumbnail":0,"footnotes":""},"categories":[4],"tags":[],"class_list":["post-25597","post","type-post","status-publish","format-standard","hentry","category-aus-der-geschaftswelt"],"_links":{"self":[{"href":"https:\/\/www.forum-soegel.de\/information\/wp-json\/wp\/v2\/posts\/25597","targetHints":{"allow":["GET"]}}],"collection":[{"href":"https:\/\/www.forum-soegel.de\/information\/wp-json\/wp\/v2\/posts"}],"about":[{"href":"https:\/\/www.forum-soegel.de\/information\/wp-json\/wp\/v2\/types\/post"}],"author":[{"embeddable":true,"href":"https:\/\/www.forum-soegel.de\/information\/wp-json\/wp\/v2\/users\/2"}],"replies":[{"embeddable":true,"href":"https:\/\/www.forum-soegel.de\/information\/wp-json\/wp\/v2\/comments?post=25597"}],"version-history":[{"count":2,"href":"https:\/\/www.forum-soegel.de\/information\/wp-json\/wp\/v2\/posts\/25597\/revisions"}],"predecessor-version":[{"id":25600,"href":"https:\/\/www.forum-soegel.de\/information\/wp-json\/wp\/v2\/posts\/25597\/revisions\/25600"}],"wp:attachment":[{"href":"https:\/\/www.forum-soegel.de\/information\/wp-json\/wp\/v2\/media?parent=25597"}],"wp:term":[{"taxonomy":"category","embeddable":true,"href":"https:\/\/www.forum-soegel.de\/information\/wp-json\/wp\/v2\/categories?post=25597"},{"taxonomy":"post_tag","embeddable":true,"href":"https:\/\/www.forum-soegel.de\/information\/wp-json\/wp\/v2\/tags?post=25597"}],"curies":[{"name":"wp","href":"https:\/\/api.w.org\/{rel}","templated":true}]}}