{"id":25593,"date":"2018-12-24T15:54:33","date_gmt":"2018-12-24T14:54:33","guid":{"rendered":"https:\/\/www.forum-soegel.de\/information\/?p=25593"},"modified":"2018-12-24T15:54:33","modified_gmt":"2018-12-24T14:54:33","slug":"gemeinsam-aktiv-handeln-vor-ort","status":"publish","type":"post","link":"https:\/\/www.forum-soegel.de\/information\/2018\/12\/gemeinsam-aktiv-handeln-vor-ort\/","title":{"rendered":"Gemeinsam aktiv \u2013 Handel(n) vor Ort"},"content":{"rendered":"<p>S\u00f6gel &#8211; Der Wirtschaftsverband S\u00f6gel hat am Wettbewerb \u201eGemeinsam aktiv \u2013 Handel(n) vor Ort\u201c des Nieders\u00e4chsischen Ministeriums f\u00fcr Wirtschaft, Arbeit, Verkehr und Digitalisierung teilgenommen. Bei diesem Wettbewerb ging es um die besten Konzepte zur Belebung von Innenst\u00e4dten und Ortskernen, zur St\u00e4rkung des \u00adstation\u00e4ren Einzelhandels und zur Sicherung der \u00adVersorgung im l\u00e4ndlichen Raum. Der Wirtschaftsverband war mit dem Projekt \u201eEntdeckertag\u201c vertreten.<\/p>\n<p>\u201eSie haben nur ganz knapp eine Platzierung verfehlt\u201c, lie\u00df Jurymitglied Ilona Tetzlaff, Gesch\u00e4ftsf\u00fchrerin\u00a0 Nordenham Marketing &amp; Touristik e.V. den aus S\u00f6gel angereisten Vertretern des Wirtschaftsverbandes Anja Deeken-Rickermann, Ingrid Cloppenburg und Marco Kohnen wissen. Sie zeigte sich angetan von dem Projekt \u201eEntdeckertag\u201c, weil dort so viele Akteure vor Ort beteiligt worden seien.<\/p>\n<p>Minister Bernd Althusmann erkl\u00e4rte den Grund zur Ausschreibung des Wettbewerbs: \u201eDer Handel unterliegt seit Jahrzehnten st\u00e4ndigen Ver\u00e4nderungen. Der demografische Wandel, der Onlinehandel und ein ver\u00e4ndertes Kundenverhalten stellen den station\u00e4ren Einzelhandel vor allem in kleineren St\u00e4dten und Gemeinden vor besondere Herausforderungen. Wer lebendige und attraktive Innenst\u00e4dte und Ortskerne will, muss selbst aktiv werden &#8211; am besten gemeinsam.\u201c\u00a0 Mit diesem Wettbewerb k\u00f6nnen Leuchtturmprojekte als Beispiel f\u00fcr andere zusammengefasst werden. Er ermunterte die S\u00f6geler, den Entdeckertag weiter fortzuf\u00fchren.<\/p>\n<p>Text\/Foto: Wirtschaftsverband S\u00f6gel<\/p>\n<p><a href=\"https:\/\/www.forum-soegel.de\/information\/2018\/12\/gemeinsam-aktiv-handeln-vor-ort\/gemeinsam-aktiv-handeln-vor-ort\/\" rel=\"attachment wp-att-25594\"><img loading=\"lazy\" decoding=\"async\" class=\"alignnone size-medium wp-image-25594\" src=\"https:\/\/www.forum-soegel.de\/information\/wp-content\/uploads\/2018\/12\/Gemeinsam-aktiv-Handeln-vor-Ort-300x225.jpg\" alt=\"\" width=\"300\" height=\"225\" srcset=\"https:\/\/www.forum-soegel.de\/information\/wp-content\/uploads\/2018\/12\/Gemeinsam-aktiv-Handeln-vor-Ort-300x225.jpg 300w, https:\/\/www.forum-soegel.de\/information\/wp-content\/uploads\/2018\/12\/Gemeinsam-aktiv-Handeln-vor-Ort-768x576.jpg 768w, https:\/\/www.forum-soegel.de\/information\/wp-content\/uploads\/2018\/12\/Gemeinsam-aktiv-Handeln-vor-Ort.jpg 1024w\" sizes=\"auto, (max-width: 300px) 100vw, 300px\" \/><\/a><\/p>\n","protected":false},"excerpt":{"rendered":"S\u00f6gel &#8211; Der Wirtschaftsverband S\u00f6gel hat am Wettbewerb \u201eGemeinsam aktiv \u2013 Handel(n) vor Ort\u201c des Nieders\u00e4chsischen Ministeriums f\u00fcr Wirtschaft, Arbeit, Verkehr und Digitalisierung teilgenommen. Bei diesem Wettbewerb ging es um die besten Konzepte zur Belebung von Innenst\u00e4dten und Ortskernen, zur St\u00e4rkung des \u00adstation\u00e4ren Einzelhandels und zur Sicherung der \u00adVersorgung im l\u00e4ndlichen Raum. Der Wirtschaftsverband war [&hellip;]\n","protected":false},"author":2,"featured_media":0,"comment_status":"closed","ping_status":"closed","sticky":false,"template":"","format":"standard","meta":{"ngg_post_thumbnail":0,"footnotes":""},"categories":[4],"tags":[],"class_list":["post-25593","post","type-post","status-publish","format-standard","hentry","category-aus-der-geschaftswelt"],"_links":{"self":[{"href":"https:\/\/www.forum-soegel.de\/information\/wp-json\/wp\/v2\/posts\/25593","targetHints":{"allow":["GET"]}}],"collection":[{"href":"https:\/\/www.forum-soegel.de\/information\/wp-json\/wp\/v2\/posts"}],"about":[{"href":"https:\/\/www.forum-soegel.de\/information\/wp-json\/wp\/v2\/types\/post"}],"author":[{"embeddable":true,"href":"https:\/\/www.forum-soegel.de\/information\/wp-json\/wp\/v2\/users\/2"}],"replies":[{"embeddable":true,"href":"https:\/\/www.forum-soegel.de\/information\/wp-json\/wp\/v2\/comments?post=25593"}],"version-history":[{"count":2,"href":"https:\/\/www.forum-soegel.de\/information\/wp-json\/wp\/v2\/posts\/25593\/revisions"}],"predecessor-version":[{"id":25596,"href":"https:\/\/www.forum-soegel.de\/information\/wp-json\/wp\/v2\/posts\/25593\/revisions\/25596"}],"wp:attachment":[{"href":"https:\/\/www.forum-soegel.de\/information\/wp-json\/wp\/v2\/media?parent=25593"}],"wp:term":[{"taxonomy":"category","embeddable":true,"href":"https:\/\/www.forum-soegel.de\/information\/wp-json\/wp\/v2\/categories?post=25593"},{"taxonomy":"post_tag","embeddable":true,"href":"https:\/\/www.forum-soegel.de\/information\/wp-json\/wp\/v2\/tags?post=25593"}],"curies":[{"name":"wp","href":"https:\/\/api.w.org\/{rel}","templated":true}]}}