{"id":25589,"date":"2018-12-24T15:53:30","date_gmt":"2018-12-24T14:53:30","guid":{"rendered":"https:\/\/www.forum-soegel.de\/information\/?p=25589"},"modified":"2018-12-24T15:53:30","modified_gmt":"2018-12-24T14:53:30","slug":"clemenswerther-hof-unterstuetzt-die-kampagne-fairtrade-towns","status":"publish","type":"post","link":"https:\/\/www.forum-soegel.de\/information\/2018\/12\/clemenswerther-hof-unterstuetzt-die-kampagne-fairtrade-towns\/","title":{"rendered":"Clemenswerther Hof unterst\u00fctzt die Kampagne \u201eFairtrade Towns\u201c"},"content":{"rendered":"<p>S\u00f6gel &#8211; Die Initiative \u201eFairtrade Towns\u201c des Weltladens S\u00f6gel zieht immer weitere Kreise. Jetzt hat sich auch der Clemenswerther Hof als Kooperationspartner bereitgestellt. Inhaber Bernhard Jansen sicherte dem Team der Initiative \u201eFair Trade Towns\u201c S\u00f6gel seine Unterst\u00fctzung zu. Im Angebot hat erverschiedene Teesorten wie z.B. Rooibusch \u201eRelax\u201c, \u201eBalance\u201c, \u201ePower\u201c und \u201eEnjoy\u201c, im Rahmen des t\u00e4glichen Fr\u00fchst\u00fcckbuffets (offen sowohl f\u00fcr ausw\u00e4rtige G\u00e4ste als auch Hotelg\u00e4ste) und f\u00fcr Bestellungen aufgenommen. \u201eDer Gedanke des fairen Handelns und der Nachhaltigkeit wird schon l\u00e4nger im Haus durch Verwendung regionaler Produkte wie Auricher S\u00e4fte, Brote aus der Vollkornb\u00e4ckerei Ahaus (H\u00fcven), Br\u00f6tchen von der B\u00e4ckerei Anneken (Werpeloh), Eier von Meiners (Spahnharrenst\u00e4tte) verwirklicht. Nach der k\u00fcrzlich abgeschlossenen Umbauphase soll der Eingangsbereich in Zukunft noch mit einer Vitrine o.\u00e4. ausgestattet werden, in der weitere Produkte des Weltladens wie Kunstgewerbe und Schmuck pr\u00e4sentiert werden d\u00fcrfen, sagte Jansen Claudia L\u00fcbs, Diana Schmitz und Irmgard Welling (v.l.) zu.<\/p>\n<p>Text\/Foto: Ingrid Cloppenburg<\/p>\n<p><a href=\"https:\/\/www.forum-soegel.de\/information\/2018\/12\/clemenswerther-hof-unterstuetzt-die-kampagne-fairtrade-towns\/clemenswerther-hof-unterstuetzt-die-kampagne-fairtrade-towns\/\" rel=\"attachment wp-att-25590\"><img loading=\"lazy\" decoding=\"async\" class=\"alignnone size-medium wp-image-25590\" src=\"https:\/\/www.forum-soegel.de\/information\/wp-content\/uploads\/2018\/12\/Clemenswerther-Hof-unterst\u00fctzt-die-Kampagne-Fairtrade-Towns-300x225.jpg\" alt=\"\" width=\"300\" height=\"225\" srcset=\"https:\/\/www.forum-soegel.de\/information\/wp-content\/uploads\/2018\/12\/Clemenswerther-Hof-unterst\u00fctzt-die-Kampagne-Fairtrade-Towns-300x225.jpg 300w, https:\/\/www.forum-soegel.de\/information\/wp-content\/uploads\/2018\/12\/Clemenswerther-Hof-unterst\u00fctzt-die-Kampagne-Fairtrade-Towns-768x576.jpg 768w, https:\/\/www.forum-soegel.de\/information\/wp-content\/uploads\/2018\/12\/Clemenswerther-Hof-unterst\u00fctzt-die-Kampagne-Fairtrade-Towns.jpg 1024w\" sizes=\"auto, (max-width: 300px) 100vw, 300px\" \/><\/a><\/p>\n<p>&nbsp;<\/p>\n<p>&nbsp;<\/p>\n","protected":false},"excerpt":{"rendered":"S\u00f6gel &#8211; Die Initiative \u201eFairtrade Towns\u201c des Weltladens S\u00f6gel zieht immer weitere Kreise. Jetzt hat sich auch der Clemenswerther Hof als Kooperationspartner bereitgestellt. Inhaber Bernhard Jansen sicherte dem Team der Initiative \u201eFair Trade Towns\u201c S\u00f6gel seine Unterst\u00fctzung zu. Im Angebot hat erverschiedene Teesorten wie z.B. Rooibusch \u201eRelax\u201c, \u201eBalance\u201c, \u201ePower\u201c und \u201eEnjoy\u201c, im Rahmen des t\u00e4glichen [&hellip;]\n","protected":false},"author":2,"featured_media":0,"comment_status":"closed","ping_status":"closed","sticky":false,"template":"","format":"standard","meta":{"ngg_post_thumbnail":0,"footnotes":""},"categories":[4],"tags":[],"class_list":["post-25589","post","type-post","status-publish","format-standard","hentry","category-aus-der-geschaftswelt"],"_links":{"self":[{"href":"https:\/\/www.forum-soegel.de\/information\/wp-json\/wp\/v2\/posts\/25589","targetHints":{"allow":["GET"]}}],"collection":[{"href":"https:\/\/www.forum-soegel.de\/information\/wp-json\/wp\/v2\/posts"}],"about":[{"href":"https:\/\/www.forum-soegel.de\/information\/wp-json\/wp\/v2\/types\/post"}],"author":[{"embeddable":true,"href":"https:\/\/www.forum-soegel.de\/information\/wp-json\/wp\/v2\/users\/2"}],"replies":[{"embeddable":true,"href":"https:\/\/www.forum-soegel.de\/information\/wp-json\/wp\/v2\/comments?post=25589"}],"version-history":[{"count":2,"href":"https:\/\/www.forum-soegel.de\/information\/wp-json\/wp\/v2\/posts\/25589\/revisions"}],"predecessor-version":[{"id":25592,"href":"https:\/\/www.forum-soegel.de\/information\/wp-json\/wp\/v2\/posts\/25589\/revisions\/25592"}],"wp:attachment":[{"href":"https:\/\/www.forum-soegel.de\/information\/wp-json\/wp\/v2\/media?parent=25589"}],"wp:term":[{"taxonomy":"category","embeddable":true,"href":"https:\/\/www.forum-soegel.de\/information\/wp-json\/wp\/v2\/categories?post=25589"},{"taxonomy":"post_tag","embeddable":true,"href":"https:\/\/www.forum-soegel.de\/information\/wp-json\/wp\/v2\/tags?post=25589"}],"curies":[{"name":"wp","href":"https:\/\/api.w.org\/{rel}","templated":true}]}}