{"id":25585,"date":"2018-12-24T15:52:38","date_gmt":"2018-12-24T14:52:38","guid":{"rendered":"https:\/\/www.forum-soegel.de\/information\/?p=25585"},"modified":"2018-12-24T15:52:38","modified_gmt":"2018-12-24T14:52:38","slug":"architekturbuero-radke-hat-sich-vergroessert","status":"publish","type":"post","link":"https:\/\/www.forum-soegel.de\/information\/2018\/12\/architekturbuero-radke-hat-sich-vergroessert\/","title":{"rendered":"Architekturb\u00fcro Radke hat sich vergr\u00f6\u00dfert"},"content":{"rendered":"<p>S\u00f6gel &#8211; Im Sp\u00e4therbst 2014 wurde der Wohn- und Gesch\u00e4ftshauskomplex \u201eAm Amtsbrunnen\u201c in der S\u00f6geler Ortsmitte fertiggestellt. Bauherr und Architekt Henning Radke bezog mit etwa 10 Mitarbeitern die f\u00fcr das Architekturb\u00fcro eingeplanten R\u00e4umlichkeiten im Erdgeschoss \u201eNun musste das im Haus benachbarte Atelier \u201eAndras Kunstst\u00fccke\u201c leider dem vergr\u00f6\u00dferten Raumbedarf weichen\u201c, erkl\u00e4rte Radke bei einer B\u00fcrobesichtigung, zu der Vertreter der Gemeinde S\u00f6gel sowie des Wirtschaftsverbandes S\u00f6gel sich eingefunden hatten.<\/p>\n<p>In den vergangenen vier Jahren habe sich das B\u00fcro nicht zuletzt aufgrund der guten Baukonjunktur auf die doppelte Mitarbeiterzahl vergr\u00f6\u00dfert, begr\u00fcndete Radke den Schritt. Nach wie vor nehme der Wohnungsbau die gr\u00f6\u00dfte Sparte des Architekturb\u00fcros ein. Aber auch der Bau\/Umbau von Krankenh\u00e4usern sowie die Sparte \u201eIndustrie\/Gewerbe\/Kommunal\u201c sei von besonderer Bedeutung f\u00fcr das seit vielen Jahren und bereits in zweiter Generation in S\u00f6gel ans\u00e4ssige Architekturb\u00fcro.<\/p>\n<p>\u201eWir legen viel Wert auf gute Teamarbeit bei uns im B\u00fcro. Daher ist der Fachkr\u00e4ftemangel bei uns noch nicht angekommen. Wir sind bem\u00fcht, spannende und herausfordernde Bauprojekte an Land zu ziehen. Offensichtlich kommen die Mitarbeiter gerne zu uns\u201c, freute sich Radke sichtlich stolz \u00fcber seine junge und innovative Mannschaft. B\u00fcrgermeisterin Irmgard Welling und Gemeindedirektor G\u00fcnter Wigbers sowie\u00a0 Anja Deeken-Rickermann und J\u00fcrgen Rolfes w\u00fcnschten dem Architekturb\u00fcro weiterhin Erfolg und wirtschaftliches Vorankommen.<\/p>\n<p>Text\/ Foto:\u00a0 Ingrid Cloppenburg<\/p>\n<p><a href=\"https:\/\/www.forum-soegel.de\/information\/2018\/12\/architekturbuero-radke-hat-sich-vergroessert\/architekturbuero-radke-hat-sich-vergroessert\/\" rel=\"attachment wp-att-25586\"><img loading=\"lazy\" decoding=\"async\" class=\"alignnone size-medium wp-image-25586\" src=\"https:\/\/www.forum-soegel.de\/information\/wp-content\/uploads\/2018\/12\/Architekturb\u00fcro-Radke-hat-sich-vergr\u00f6\u00dfert-300x225.jpg\" alt=\"\" width=\"300\" height=\"225\" srcset=\"https:\/\/www.forum-soegel.de\/information\/wp-content\/uploads\/2018\/12\/Architekturb\u00fcro-Radke-hat-sich-vergr\u00f6\u00dfert-300x225.jpg 300w, https:\/\/www.forum-soegel.de\/information\/wp-content\/uploads\/2018\/12\/Architekturb\u00fcro-Radke-hat-sich-vergr\u00f6\u00dfert-768x576.jpg 768w, https:\/\/www.forum-soegel.de\/information\/wp-content\/uploads\/2018\/12\/Architekturb\u00fcro-Radke-hat-sich-vergr\u00f6\u00dfert.jpg 1024w\" sizes=\"auto, (max-width: 300px) 100vw, 300px\" \/><\/a><\/p>\n<p>&nbsp;<\/p>\n","protected":false},"excerpt":{"rendered":"S\u00f6gel &#8211; Im Sp\u00e4therbst 2014 wurde der Wohn- und Gesch\u00e4ftshauskomplex \u201eAm Amtsbrunnen\u201c in der S\u00f6geler Ortsmitte fertiggestellt. Bauherr und Architekt Henning Radke bezog mit etwa 10 Mitarbeitern die f\u00fcr das Architekturb\u00fcro eingeplanten R\u00e4umlichkeiten im Erdgeschoss \u201eNun musste das im Haus benachbarte Atelier \u201eAndras Kunstst\u00fccke\u201c leider dem vergr\u00f6\u00dferten Raumbedarf weichen\u201c, erkl\u00e4rte Radke bei einer B\u00fcrobesichtigung, zu [&hellip;]\n","protected":false},"author":2,"featured_media":0,"comment_status":"closed","ping_status":"closed","sticky":false,"template":"","format":"standard","meta":{"ngg_post_thumbnail":0,"footnotes":""},"categories":[4],"tags":[],"class_list":["post-25585","post","type-post","status-publish","format-standard","hentry","category-aus-der-geschaftswelt"],"_links":{"self":[{"href":"https:\/\/www.forum-soegel.de\/information\/wp-json\/wp\/v2\/posts\/25585","targetHints":{"allow":["GET"]}}],"collection":[{"href":"https:\/\/www.forum-soegel.de\/information\/wp-json\/wp\/v2\/posts"}],"about":[{"href":"https:\/\/www.forum-soegel.de\/information\/wp-json\/wp\/v2\/types\/post"}],"author":[{"embeddable":true,"href":"https:\/\/www.forum-soegel.de\/information\/wp-json\/wp\/v2\/users\/2"}],"replies":[{"embeddable":true,"href":"https:\/\/www.forum-soegel.de\/information\/wp-json\/wp\/v2\/comments?post=25585"}],"version-history":[{"count":2,"href":"https:\/\/www.forum-soegel.de\/information\/wp-json\/wp\/v2\/posts\/25585\/revisions"}],"predecessor-version":[{"id":25588,"href":"https:\/\/www.forum-soegel.de\/information\/wp-json\/wp\/v2\/posts\/25585\/revisions\/25588"}],"wp:attachment":[{"href":"https:\/\/www.forum-soegel.de\/information\/wp-json\/wp\/v2\/media?parent=25585"}],"wp:term":[{"taxonomy":"category","embeddable":true,"href":"https:\/\/www.forum-soegel.de\/information\/wp-json\/wp\/v2\/categories?post=25585"},{"taxonomy":"post_tag","embeddable":true,"href":"https:\/\/www.forum-soegel.de\/information\/wp-json\/wp\/v2\/tags?post=25585"}],"curies":[{"name":"wp","href":"https:\/\/api.w.org\/{rel}","templated":true}]}}