{"id":25578,"date":"2018-12-24T15:51:35","date_gmt":"2018-12-24T14:51:35","guid":{"rendered":"https:\/\/www.forum-soegel.de\/information\/?p=25578"},"modified":"2018-12-24T15:51:35","modified_gmt":"2018-12-24T14:51:35","slug":"unfallschaden-an-kapelle-st-josef-eisten-ist-repariert","status":"publish","type":"post","link":"https:\/\/www.forum-soegel.de\/information\/2018\/12\/unfallschaden-an-kapelle-st-josef-eisten-ist-repariert\/","title":{"rendered":"Unfallschaden an Kapelle St. Josef Eisten ist repariert"},"content":{"rendered":"<p><a href=\"https:\/\/www.forum-soegel.de\/information\/2018\/12\/unfallschaden-an-kapelle-st-josef-eisten-ist-repariert\/unfallschaden-an-kapelle-st-josef-eisten-ist-repariert1\/\" rel=\"attachment wp-att-25579\"><img loading=\"lazy\" decoding=\"async\" class=\"alignleft size-thumbnail wp-image-25579\" src=\"https:\/\/www.forum-soegel.de\/information\/wp-content\/uploads\/2018\/12\/Unfallschaden-an-Kapelle-St.-Josef-Eisten-ist-repariert1-150x150.jpg\" alt=\"\" width=\"150\" height=\"150\" \/><\/a>Eisten &#8211; Am 29.06.2018 besch\u00e4digte ein LKW die Au\u00dfenwand der St. Josef Kapelle in Eisten und diese wurde daher unfallbedingt geschlossen.<\/p>\n<p>Die Messen mu\u00dften ausfallen und \u00a0Kirchenbesucher wichen auf H\u00fcven und S\u00f6gel aus. Nach vier Monaten Bauzeit konnte die Kapelle wieder im alten Zustand hergestellt werden. Von innen und au\u00dfen erinnert fast nichts mehr an den Unfall. Alle beteiligten Unternehmen haben sofort und schnellstens die Reparatur aufgenommen und erledigt. Erfreulich ist auch, dass bei diesem Unfall keine Person zu Schaden gekommen ist.<\/p>\n<p>Eine bereits geplante Dachsanierung des Glockenturms der Kapelle wurde ebenfalls in Angriff genommen. Der Austausch der Pfannen inklusive Unterkonstruktion und der Dachrinne waren notwendig, da diese in die Jahre gekommen waren. An den Gesamtkosten von 5.000 \u20ac beteiligte sich die Gemeinde S\u00f6gel mit 1.000 \u20ac.\u00a0 Die Kapellengemeinde Eisten dankt der Gemeinde S\u00f6gel recht herzlich f\u00fcr die Unterst\u00fctzung.<\/p>\n<p>Am 21.10.2018 konnte die Er\u00f6ffnungsmesse der Kapelle gefeiert werden. Diese Messe wurde von Pater Edmunt und Pastor Horstmann zelebriert. Alle Eistener freuen sich \u00fcber die Fertigstellung.<\/p>\n<p>Text\/Foto: Hans-Gerd Koldemeyer<\/p>\n<p><a href=\"https:\/\/www.forum-soegel.de\/information\/2018\/12\/unfallschaden-an-kapelle-st-josef-eisten-ist-repariert\/unfallschaden-an-kapelle-st-josef-eisten-ist-repariert4\/\" rel=\"attachment wp-att-25580\"><img loading=\"lazy\" decoding=\"async\" class=\"alignnone size-thumbnail wp-image-25580\" src=\"https:\/\/www.forum-soegel.de\/information\/wp-content\/uploads\/2018\/12\/Unfallschaden-an-Kapelle-St.-Josef-Eisten-ist-repariert4-150x150.jpg\" alt=\"\" width=\"150\" height=\"150\" \/><\/a> <a href=\"https:\/\/www.forum-soegel.de\/information\/2018\/12\/unfallschaden-an-kapelle-st-josef-eisten-ist-repariert\/unfallschaden-an-kapelle-st-josef-eisten-ist-repariert2\/\" rel=\"attachment wp-att-25581\"><img loading=\"lazy\" decoding=\"async\" class=\"alignnone size-thumbnail wp-image-25581\" src=\"https:\/\/www.forum-soegel.de\/information\/wp-content\/uploads\/2018\/12\/Unfallschaden-an-Kapelle-St.-Josef-Eisten-ist-repariert2-150x150.jpg\" alt=\"\" width=\"150\" height=\"150\" \/><\/a> <a href=\"https:\/\/www.forum-soegel.de\/information\/2018\/12\/unfallschaden-an-kapelle-st-josef-eisten-ist-repariert\/unfallschaden-an-kapelle-st-josef-eisten-ist-repariert3\/\" rel=\"attachment wp-att-25582\"><img loading=\"lazy\" decoding=\"async\" class=\"alignnone size-thumbnail wp-image-25582\" src=\"https:\/\/www.forum-soegel.de\/information\/wp-content\/uploads\/2018\/12\/Unfallschaden-an-Kapelle-St.-Josef-Eisten-ist-repariert3-150x150.jpg\" alt=\"\" width=\"150\" height=\"150\" \/><\/a><\/p>\n<p>&nbsp;<\/p>\n","protected":false},"excerpt":{"rendered":"Eisten &#8211; Am 29.06.2018 besch\u00e4digte ein LKW die Au\u00dfenwand der St. Josef Kapelle in Eisten und diese wurde daher unfallbedingt geschlossen. Die Messen mu\u00dften ausfallen und \u00a0Kirchenbesucher wichen auf H\u00fcven und S\u00f6gel aus. Nach vier Monaten Bauzeit konnte die Kapelle wieder im alten Zustand hergestellt werden. Von innen und au\u00dfen erinnert fast nichts mehr an [&hellip;]\n","protected":false},"author":2,"featured_media":0,"comment_status":"closed","ping_status":"closed","sticky":false,"template":"","format":"standard","meta":{"ngg_post_thumbnail":0,"footnotes":""},"categories":[868],"tags":[],"class_list":["post-25578","post","type-post","status-publish","format-standard","hentry","category-zwischen-himmel-und-erde"],"_links":{"self":[{"href":"https:\/\/www.forum-soegel.de\/information\/wp-json\/wp\/v2\/posts\/25578","targetHints":{"allow":["GET"]}}],"collection":[{"href":"https:\/\/www.forum-soegel.de\/information\/wp-json\/wp\/v2\/posts"}],"about":[{"href":"https:\/\/www.forum-soegel.de\/information\/wp-json\/wp\/v2\/types\/post"}],"author":[{"embeddable":true,"href":"https:\/\/www.forum-soegel.de\/information\/wp-json\/wp\/v2\/users\/2"}],"replies":[{"embeddable":true,"href":"https:\/\/www.forum-soegel.de\/information\/wp-json\/wp\/v2\/comments?post=25578"}],"version-history":[{"count":2,"href":"https:\/\/www.forum-soegel.de\/information\/wp-json\/wp\/v2\/posts\/25578\/revisions"}],"predecessor-version":[{"id":25584,"href":"https:\/\/www.forum-soegel.de\/information\/wp-json\/wp\/v2\/posts\/25578\/revisions\/25584"}],"wp:attachment":[{"href":"https:\/\/www.forum-soegel.de\/information\/wp-json\/wp\/v2\/media?parent=25578"}],"wp:term":[{"taxonomy":"category","embeddable":true,"href":"https:\/\/www.forum-soegel.de\/information\/wp-json\/wp\/v2\/categories?post=25578"},{"taxonomy":"post_tag","embeddable":true,"href":"https:\/\/www.forum-soegel.de\/information\/wp-json\/wp\/v2\/tags?post=25578"}],"curies":[{"name":"wp","href":"https:\/\/api.w.org\/{rel}","templated":true}]}}