{"id":25574,"date":"2018-12-24T15:48:53","date_gmt":"2018-12-24T14:48:53","guid":{"rendered":"https:\/\/www.forum-soegel.de\/information\/?p=25574"},"modified":"2018-12-24T15:48:53","modified_gmt":"2018-12-24T14:48:53","slug":"spontane-spende-von-dan-tran-an-beide-kindertagesstaetten-in-soegel","status":"publish","type":"post","link":"https:\/\/www.forum-soegel.de\/information\/2018\/12\/spontane-spende-von-dan-tran-an-beide-kindertagesstaetten-in-soegel\/","title":{"rendered":"Spontane Spende von Dan Tran an beide Kindertagesst\u00e4tten in S\u00f6gel"},"content":{"rendered":"<p>S\u00f6gel &#8211; Anl\u00e4sslich der Feier auf dem Marktplatz zum 10-j\u00e4hrigen Bestehen der Krippen in S\u00f6gel \u00fcberreichte Dan Tran, P\u00e4chter des Restaurants Lotus in S\u00f6gel,beiden Kindertagesst\u00e4tten je 500 Euro.<\/p>\n<p>Mit den Leitungen Heike Rohe und Irmgard Welling sowie den\u00a0 Stellvertreterinnen Claudia Perk und Karina Jansen freuten sich der Samtgemeindeb\u00fcrgermeister G\u00fcnter Wigbers, der Landratskandidat Marc Andre Burgdorf, Pfarrer Bernhard Horstmann und Elena Dannenberg.<\/p>\n<p>Text: Irmgard Welling \/ Foto: Gemeinde S\u00f6gel<\/p>\n<p><a href=\"https:\/\/www.forum-soegel.de\/information\/2018\/12\/spontane-spende-von-dan-tran-an-beide-kindertagesstaetten-in-soegel\/spontane-spende-von-dan-tran-an-beide-kindertagesstaetten-in-soegel\/\" rel=\"attachment wp-att-25575\"><img loading=\"lazy\" decoding=\"async\" class=\"alignnone size-medium wp-image-25575\" src=\"https:\/\/www.forum-soegel.de\/information\/wp-content\/uploads\/2018\/12\/Spontane-Spende-von-Dan-Tran-an-beide-Kindertagesst\u00e4tten-in-S\u00f6gel-300x226.jpg\" alt=\"\" width=\"300\" height=\"226\" srcset=\"https:\/\/www.forum-soegel.de\/information\/wp-content\/uploads\/2018\/12\/Spontane-Spende-von-Dan-Tran-an-beide-Kindertagesst\u00e4tten-in-S\u00f6gel-300x226.jpg 300w, https:\/\/www.forum-soegel.de\/information\/wp-content\/uploads\/2018\/12\/Spontane-Spende-von-Dan-Tran-an-beide-Kindertagesst\u00e4tten-in-S\u00f6gel-768x579.jpg 768w, https:\/\/www.forum-soegel.de\/information\/wp-content\/uploads\/2018\/12\/Spontane-Spende-von-Dan-Tran-an-beide-Kindertagesst\u00e4tten-in-S\u00f6gel.jpg 1019w\" sizes=\"auto, (max-width: 300px) 100vw, 300px\" \/><\/a><\/p>\n","protected":false},"excerpt":{"rendered":"S\u00f6gel &#8211; Anl\u00e4sslich der Feier auf dem Marktplatz zum 10-j\u00e4hrigen Bestehen der Krippen in S\u00f6gel \u00fcberreichte Dan Tran, P\u00e4chter des Restaurants Lotus in S\u00f6gel,beiden Kindertagesst\u00e4tten je 500 Euro. Mit den Leitungen Heike Rohe und Irmgard Welling sowie den\u00a0 Stellvertreterinnen Claudia Perk und Karina Jansen freuten sich der Samtgemeindeb\u00fcrgermeister G\u00fcnter Wigbers, der Landratskandidat Marc Andre Burgdorf, [&hellip;]\n","protected":false},"author":2,"featured_media":0,"comment_status":"closed","ping_status":"closed","sticky":false,"template":"","format":"standard","meta":{"ngg_post_thumbnail":0,"footnotes":""},"categories":[868],"tags":[],"class_list":["post-25574","post","type-post","status-publish","format-standard","hentry","category-zwischen-himmel-und-erde"],"_links":{"self":[{"href":"https:\/\/www.forum-soegel.de\/information\/wp-json\/wp\/v2\/posts\/25574","targetHints":{"allow":["GET"]}}],"collection":[{"href":"https:\/\/www.forum-soegel.de\/information\/wp-json\/wp\/v2\/posts"}],"about":[{"href":"https:\/\/www.forum-soegel.de\/information\/wp-json\/wp\/v2\/types\/post"}],"author":[{"embeddable":true,"href":"https:\/\/www.forum-soegel.de\/information\/wp-json\/wp\/v2\/users\/2"}],"replies":[{"embeddable":true,"href":"https:\/\/www.forum-soegel.de\/information\/wp-json\/wp\/v2\/comments?post=25574"}],"version-history":[{"count":2,"href":"https:\/\/www.forum-soegel.de\/information\/wp-json\/wp\/v2\/posts\/25574\/revisions"}],"predecessor-version":[{"id":25577,"href":"https:\/\/www.forum-soegel.de\/information\/wp-json\/wp\/v2\/posts\/25574\/revisions\/25577"}],"wp:attachment":[{"href":"https:\/\/www.forum-soegel.de\/information\/wp-json\/wp\/v2\/media?parent=25574"}],"wp:term":[{"taxonomy":"category","embeddable":true,"href":"https:\/\/www.forum-soegel.de\/information\/wp-json\/wp\/v2\/categories?post=25574"},{"taxonomy":"post_tag","embeddable":true,"href":"https:\/\/www.forum-soegel.de\/information\/wp-json\/wp\/v2\/tags?post=25574"}],"curies":[{"name":"wp","href":"https:\/\/api.w.org\/{rel}","templated":true}]}}