{"id":25570,"date":"2018-12-24T15:47:55","date_gmt":"2018-12-24T14:47:55","guid":{"rendered":"https:\/\/www.forum-soegel.de\/information\/?p=25570"},"modified":"2018-12-24T15:47:55","modified_gmt":"2018-12-24T14:47:55","slug":"reformationsgottesdienst-mal-anders","status":"publish","type":"post","link":"https:\/\/www.forum-soegel.de\/information\/2018\/12\/reformationsgottesdienst-mal-anders\/","title":{"rendered":"Reformationsgottesdienst mal anders"},"content":{"rendered":"<p>S\u00f6gel &#8211; Einen Gottesdienst ganz besonderer Art f\u00fchrte die ev.-luth. Markusgemeinde in S\u00f6gel am Reformationsfeiertag durch. Statt in der Kirche traf sich die Gemeinde im Katharina-von-Bode Haus, um dort ein wenig in die Atmosph\u00e4re des Lutherhaushalts im fr\u00fchen 16. Jahrhundert einzutauchen.<\/p>\n<p>Im Zentrum stand ein gemeinsames Tischabendmahl mit rustikalem Essen, so, wie es damals vielleicht auch von Luther, seiner Familie, Studenten und gelehrten Besuchern verzehrt wurde.<\/p>\n<p>Bei Tischgespr\u00e4chen, angef\u00fchrt von Pastor Vo\u00df und unterst\u00fctzt von Gemeindemitgliedern in historischen Kost\u00fcmen, setzte man sich mit biblischen Texten auseinander und sang Lieder aus der Zeit der Reformation.<\/p>\n<p>Dabei kam auch der Humor nicht zu kurz, denn Martin Luther und Katharina von Bora waren sich bekanntlich damals nicht immer einig \u00fcber Theologie und Hauswirtschaft.<\/p>\n<p>Der erste nieders\u00e4chsische Reformationsfeiertag war Anlass zu diesem vergn\u00fcglichen Gottesdienstexperiment, welches Geist und Leib gleicherma\u00dfen erfreute.<\/p>\n<p>Text: Reinhild Gallus \/ Foto: Markuskirche S\u00f6gel<\/p>\n<p><a href=\"https:\/\/www.forum-soegel.de\/information\/2018\/12\/reformationsgottesdienst-mal-anders\/reformationsgottesdienst-mal-anders-2\/\" rel=\"attachment wp-att-25571\"><img loading=\"lazy\" decoding=\"async\" class=\"alignnone size-medium wp-image-25571\" src=\"https:\/\/www.forum-soegel.de\/information\/wp-content\/uploads\/2018\/12\/Reformationsgottesdienst-mal-anders-2-300x225.jpg\" alt=\"\" width=\"300\" height=\"225\" srcset=\"https:\/\/www.forum-soegel.de\/information\/wp-content\/uploads\/2018\/12\/Reformationsgottesdienst-mal-anders-2-300x225.jpg 300w, https:\/\/www.forum-soegel.de\/information\/wp-content\/uploads\/2018\/12\/Reformationsgottesdienst-mal-anders-2-768x576.jpg 768w, https:\/\/www.forum-soegel.de\/information\/wp-content\/uploads\/2018\/12\/Reformationsgottesdienst-mal-anders-2.jpg 1024w\" sizes=\"auto, (max-width: 300px) 100vw, 300px\" \/><\/a><\/p>\n<p>&nbsp;<\/p>\n","protected":false},"excerpt":{"rendered":"S\u00f6gel &#8211; Einen Gottesdienst ganz besonderer Art f\u00fchrte die ev.-luth. Markusgemeinde in S\u00f6gel am Reformationsfeiertag durch. Statt in der Kirche traf sich die Gemeinde im Katharina-von-Bode Haus, um dort ein wenig in die Atmosph\u00e4re des Lutherhaushalts im fr\u00fchen 16. Jahrhundert einzutauchen. Im Zentrum stand ein gemeinsames Tischabendmahl mit rustikalem Essen, so, wie es damals vielleicht [&hellip;]\n","protected":false},"author":2,"featured_media":0,"comment_status":"closed","ping_status":"closed","sticky":false,"template":"","format":"standard","meta":{"ngg_post_thumbnail":0,"footnotes":""},"categories":[868],"tags":[],"class_list":["post-25570","post","type-post","status-publish","format-standard","hentry","category-zwischen-himmel-und-erde"],"_links":{"self":[{"href":"https:\/\/www.forum-soegel.de\/information\/wp-json\/wp\/v2\/posts\/25570","targetHints":{"allow":["GET"]}}],"collection":[{"href":"https:\/\/www.forum-soegel.de\/information\/wp-json\/wp\/v2\/posts"}],"about":[{"href":"https:\/\/www.forum-soegel.de\/information\/wp-json\/wp\/v2\/types\/post"}],"author":[{"embeddable":true,"href":"https:\/\/www.forum-soegel.de\/information\/wp-json\/wp\/v2\/users\/2"}],"replies":[{"embeddable":true,"href":"https:\/\/www.forum-soegel.de\/information\/wp-json\/wp\/v2\/comments?post=25570"}],"version-history":[{"count":2,"href":"https:\/\/www.forum-soegel.de\/information\/wp-json\/wp\/v2\/posts\/25570\/revisions"}],"predecessor-version":[{"id":25573,"href":"https:\/\/www.forum-soegel.de\/information\/wp-json\/wp\/v2\/posts\/25570\/revisions\/25573"}],"wp:attachment":[{"href":"https:\/\/www.forum-soegel.de\/information\/wp-json\/wp\/v2\/media?parent=25570"}],"wp:term":[{"taxonomy":"category","embeddable":true,"href":"https:\/\/www.forum-soegel.de\/information\/wp-json\/wp\/v2\/categories?post=25570"},{"taxonomy":"post_tag","embeddable":true,"href":"https:\/\/www.forum-soegel.de\/information\/wp-json\/wp\/v2\/tags?post=25570"}],"curies":[{"name":"wp","href":"https:\/\/api.w.org\/{rel}","templated":true}]}}