{"id":25563,"date":"2018-12-24T15:46:47","date_gmt":"2018-12-24T14:46:47","guid":{"rendered":"https:\/\/www.forum-soegel.de\/information\/?p=25563"},"modified":"2018-12-24T15:46:47","modified_gmt":"2018-12-24T14:46:47","slug":"pfarrer-santel-segnet-neues-lieferfahrzeug","status":"publish","type":"post","link":"https:\/\/www.forum-soegel.de\/information\/2018\/12\/pfarrer-santel-segnet-neues-lieferfahrzeug\/","title":{"rendered":"Pfarrer Santel segnet neues Lieferfahrzeug"},"content":{"rendered":"<p>B\u00f6rger &#8211; Im Rahmen des Mahlzeitendienstes \u201eEssen auf R\u00e4dern\u201c versorgt das St. Josef- Stift t\u00e4glich mehr als 220 Menschen mit einem Mittagessen. Insgesamt 32 Unternehmen haben f\u00fcr den Mahlzeitendienst einen neuen Lieferwagen gesponsert, der nun in einer Feierstunde von Pfarrer Karl Heinz Santel gesegnet wurde.<br \/>\n\u201eDer Segen gilt nicht allein dem Fahrzeug, sondern allen, die den Gegenstand gebrauchen und benutzen\u201c, sagte Santel. Das Personal des St. Josef- Stifts f\u00e4hrt mit dem Lieferwagen t\u00e4glich hilfs- und pflegebed\u00fcrftige Menschen sowie das St. Lukas-Heim, Schulen und Kinderg\u00e4rten an, um diese mit frisch zubereiteten Mittagsmahlzeiten aus der hauseigenen K\u00fcche zu versorgen. \u201eDie Zulieferung frisch bereiteter Mittagsmahlzeiten in B\u00f6rger, Surwold, Neub\u00f6rger, Breddenberg und Esterwegen ist gerade f\u00fcr hilfs- und pflegebed\u00fcrftige Menschen ein wichtiger St\u00fctzpfeiler und zudem eine erhebliche Entlastung f\u00fcr deren Angeh\u00f6rige\u201c, erkl\u00e4rte Heiner M\u00fcller.<\/p>\n<p>Als gemeinn\u00fctzige Einrichtung des Gesundheits- und Sozialwesens versorge das St. Josef- Stift in den Bereichen \u201eBetreutes Wohnen\u201c, \u201eH\u00e4usliche Pflege\u201c und \u201eEssen auf R\u00e4dern\u201c t\u00e4glich \u00fcber 350 Menschen mit sozialen und pflegerischen Dienstleistungen. Doch das \u201eEssen auf R\u00e4dern\u201c stelle im l\u00e4ndlichen Raum eine Problemsituation dar. \u201eDie h\u00e4ufig sehr weiten Anfahrtswege zwischen den Ortschaften und H\u00e4usern kosten sehr viel Zeit f\u00fcr ein verh\u00e4ltnism\u00e4\u00dfig geringes Entgelt\u201c, so M\u00fcller. Das St. Josef- Stift m\u00f6chte jedoch das Essen und die Mittagsversorgung f\u00fcr jedermann erschwinglich gestalten. \u201eUm diesen Spagat zwischen Kosten f\u00fcr weite Wege und ausk\u00f6mmlichen Einnahmen zu meistern, ist Kreativit\u00e4t gefordert\u201c, f\u00fchrte M\u00fcller weiter aus. So w\u00fcrden die \u00fcberwiegenden Kosten der Essensauslieferung auf das Personal entfallen, an dem das St. Josef- Stift nicht sparen m\u00f6chte.<\/p>\n<p>Ein anderer \u201enicht unerheblicher Teil\u201c der Aufwendungen seien die Anschaffungskosten des dringend neu ben\u00f6tigten Lieferwagens. \u201eDank unserer 32 Sponsoren konnten wir das Problem durch ein werbefinanziertes Fahrzeug l\u00f6sen. Die Sponsoren leisten einen gro\u00dfen Beitrag zum Erhalt dieser wichtigen sozialen Dienstleistung\u201c, sprach M\u00fcller seinen Dank aus. Mit dem Engagement der Unternehmen sei es m\u00f6glich, das Angebot \u201eEssen auf R\u00e4dern\u201c f\u00fcr Privatpersonen weiterhin bei gleichbleibender Qualit\u00e4t und zu erschwinglichen Preisen anbieten zu k\u00f6nnen.<\/p>\n<p>Text\/Foto: Marina Heller<\/p>\n<p><a href=\"https:\/\/www.forum-soegel.de\/information\/2018\/12\/pfarrer-santel-segnet-neues-lieferfahrzeug\/pfarrer-santel-segnet-neues-lieferfahrzeug-1\/\" rel=\"attachment wp-att-25564\"><img loading=\"lazy\" decoding=\"async\" class=\"alignnone size-thumbnail wp-image-25564\" src=\"https:\/\/www.forum-soegel.de\/information\/wp-content\/uploads\/2018\/12\/Pfarrer-Santel-segnet-neues-Lieferfahrzeug-1-150x150.jpg\" alt=\"\" width=\"150\" height=\"150\" \/><\/a> <a href=\"https:\/\/www.forum-soegel.de\/information\/2018\/12\/pfarrer-santel-segnet-neues-lieferfahrzeug\/pfarrer-santel-segnet-neues-lieferfahrzeug-2\/\" rel=\"attachment wp-att-25565\"><img loading=\"lazy\" decoding=\"async\" class=\"alignnone size-thumbnail wp-image-25565\" src=\"https:\/\/www.forum-soegel.de\/information\/wp-content\/uploads\/2018\/12\/Pfarrer-Santel-segnet-neues-Lieferfahrzeug-2-150x150.jpg\" alt=\"\" width=\"150\" height=\"150\" \/><\/a><\/p>\n<p><a href=\"https:\/\/www.forum-soegel.de\/information\/2018\/12\/pfarrer-santel-segnet-neues-lieferfahrzeug\/pfarrer-santel-segnet-neues-lieferfahrzeug-3\/\" rel=\"attachment wp-att-25566\"><img loading=\"lazy\" decoding=\"async\" class=\"alignnone size-thumbnail wp-image-25566\" src=\"https:\/\/www.forum-soegel.de\/information\/wp-content\/uploads\/2018\/12\/Pfarrer-Santel-segnet-neues-Lieferfahrzeug-3-150x150.jpg\" alt=\"\" width=\"150\" height=\"150\" \/><\/a> <a href=\"https:\/\/www.forum-soegel.de\/information\/2018\/12\/pfarrer-santel-segnet-neues-lieferfahrzeug\/pfarrer-santel-segnet-neues-lieferfahrzeug-4\/\" rel=\"attachment wp-att-25567\"><img loading=\"lazy\" decoding=\"async\" class=\"alignnone size-thumbnail wp-image-25567\" src=\"https:\/\/www.forum-soegel.de\/information\/wp-content\/uploads\/2018\/12\/Pfarrer-Santel-segnet-neues-Lieferfahrzeug-4-150x150.jpg\" alt=\"\" width=\"150\" height=\"150\" \/><\/a><\/p>\n","protected":false},"excerpt":{"rendered":"B\u00f6rger &#8211; Im Rahmen des Mahlzeitendienstes \u201eEssen auf R\u00e4dern\u201c versorgt das St. Josef- Stift t\u00e4glich mehr als 220 Menschen mit einem Mittagessen. Insgesamt 32 Unternehmen haben f\u00fcr den Mahlzeitendienst einen neuen Lieferwagen gesponsert, der nun in einer Feierstunde von Pfarrer Karl Heinz Santel gesegnet wurde. \u201eDer Segen gilt nicht allein dem Fahrzeug, sondern allen, die [&hellip;]\n","protected":false},"author":2,"featured_media":0,"comment_status":"closed","ping_status":"closed","sticky":false,"template":"","format":"standard","meta":{"ngg_post_thumbnail":0,"footnotes":""},"categories":[868],"tags":[],"class_list":["post-25563","post","type-post","status-publish","format-standard","hentry","category-zwischen-himmel-und-erde"],"_links":{"self":[{"href":"https:\/\/www.forum-soegel.de\/information\/wp-json\/wp\/v2\/posts\/25563","targetHints":{"allow":["GET"]}}],"collection":[{"href":"https:\/\/www.forum-soegel.de\/information\/wp-json\/wp\/v2\/posts"}],"about":[{"href":"https:\/\/www.forum-soegel.de\/information\/wp-json\/wp\/v2\/types\/post"}],"author":[{"embeddable":true,"href":"https:\/\/www.forum-soegel.de\/information\/wp-json\/wp\/v2\/users\/2"}],"replies":[{"embeddable":true,"href":"https:\/\/www.forum-soegel.de\/information\/wp-json\/wp\/v2\/comments?post=25563"}],"version-history":[{"count":2,"href":"https:\/\/www.forum-soegel.de\/information\/wp-json\/wp\/v2\/posts\/25563\/revisions"}],"predecessor-version":[{"id":25569,"href":"https:\/\/www.forum-soegel.de\/information\/wp-json\/wp\/v2\/posts\/25563\/revisions\/25569"}],"wp:attachment":[{"href":"https:\/\/www.forum-soegel.de\/information\/wp-json\/wp\/v2\/media?parent=25563"}],"wp:term":[{"taxonomy":"category","embeddable":true,"href":"https:\/\/www.forum-soegel.de\/information\/wp-json\/wp\/v2\/categories?post=25563"},{"taxonomy":"post_tag","embeddable":true,"href":"https:\/\/www.forum-soegel.de\/information\/wp-json\/wp\/v2\/tags?post=25563"}],"curies":[{"name":"wp","href":"https:\/\/api.w.org\/{rel}","templated":true}]}}