{"id":25559,"date":"2018-12-24T15:45:00","date_gmt":"2018-12-24T14:45:00","guid":{"rendered":"https:\/\/www.forum-soegel.de\/information\/?p=25559"},"modified":"2018-12-24T15:45:00","modified_gmt":"2018-12-24T14:45:00","slug":"pfarrer-marius-gabriel-matei-wird-zum-probst-ernannt","status":"publish","type":"post","link":"https:\/\/www.forum-soegel.de\/information\/2018\/12\/pfarrer-marius-gabriel-matei-wird-zum-probst-ernannt\/","title":{"rendered":"Pfarrer Marius Gabriel Matei wird zum Probst ernannt"},"content":{"rendered":"<p><strong><em>\u00a0<\/em><\/strong><\/p>\n<p>S\u00f6gel &#8211; Mit 100 Gl\u00e4ubigen hat die orthodoxe Kirchengemeinde Papenburg-S\u00f6gel am Samstag, dem 03.11.2018 einen Gottesdienst mit dem Erzbischof Serafim Juanta\u00a0 gefeiert.<\/p>\n<p>Rum\u00e4nisch &#8211; orthodoxe Christen gibt es bereits seit dem 19. Jahrhundert in Deutschland. Die Wende von 1989 machte es m\u00f6glich, dass \u00fcber Arbeitsmigration immer mehr Rum\u00e4ninnen und Rum\u00e4nen nach Deutschland kamen.<\/p>\n<p>Die rum\u00e4nisch &#8211; orthodoxe Kirche reagierte 1993 darauf, indem sie auf Wunsch der Gl\u00e4ubigen die \u201eRum\u00e4nisch- orthodoxe Metropolie f\u00fcr Deutschland, Zentral- und Nordeuropa&#8220; mit Sitz in N\u00fcrnberg einrichtete und den damals jungen Weihbischof des Erzbistums von Sibiu (Hermannstadt), Serafim Juanta, zum Metropoliten bestellte. Seit 2006 gilt die orthodoxe Kirche als staatlich anerkannte Religionsgemeinschaft und steht rechtlich und protokollarisch auf\u00a0 Augenh\u00f6he mit der r\u00f6misch-katholischen Kirche und der evangelischen Kirche in Deutschland.<\/p>\n<p>Mittlerweile gibt es mehr als 170 orthodoxe Gemeinden in Deutschland.<\/p>\n<p>Auch die orthodoxe Gemeinde in S\u00f6gel w\u00e4chst stetig. Pfarrer Marius-Gabriel Matei hat in der Kirchengemeinde Papenburg &#8211; S\u00f6gel viel zu tun. J\u00e4hrlich tauft er beispielsweise 60 Kinder in S\u00f6gel, und Hochzeiten finden in der Regel fast an jedem Wochenende statt.<\/p>\n<p>Serafim Juanta tr\u00e4gt nun offiziell den Titel Erzbischof von Berlin und Metropolit f\u00fcr Deutschland, Zentral- und Nordeuropa, als er nun Pfarrer Marius Gabriel Matei zum Probst ernannte, der dadurch nun fest f\u00fcr S\u00f6gel zust\u00e4ndig ist und gleichzeitig die Verantwortung f\u00fcr die Region Norddeutschland mittr\u00e4gt.<\/p>\n<p>Dem Gottesdienst in der katholischen Pfarrkirche wohnten noch 8 weitere Priester und ein Diakon bei. Im Anschluss konnten die Gl\u00e4ubigen die Krankensalbung empfangen.<\/p>\n<p>Text: Irmgard Welling \/ Foto: William Cludiu<\/p>\n<p><a href=\"https:\/\/www.forum-soegel.de\/information\/2018\/12\/pfarrer-marius-gabriel-matei-wird-zum-probst-ernannt\/pfarrer-marius-gabriel-matei-wird-zum-probst-ernannt\/\" rel=\"attachment wp-att-25560\"><img loading=\"lazy\" decoding=\"async\" class=\"alignnone size-medium wp-image-25560\" src=\"https:\/\/www.forum-soegel.de\/information\/wp-content\/uploads\/2018\/12\/Pfarrer-Marius-Gabriel-Matei-wird-zum-Probst-ernannt-300x206.jpg\" alt=\"\" width=\"300\" height=\"206\" srcset=\"https:\/\/www.forum-soegel.de\/information\/wp-content\/uploads\/2018\/12\/Pfarrer-Marius-Gabriel-Matei-wird-zum-Probst-ernannt-300x206.jpg 300w, https:\/\/www.forum-soegel.de\/information\/wp-content\/uploads\/2018\/12\/Pfarrer-Marius-Gabriel-Matei-wird-zum-Probst-ernannt-768x527.jpg 768w, https:\/\/www.forum-soegel.de\/information\/wp-content\/uploads\/2018\/12\/Pfarrer-Marius-Gabriel-Matei-wird-zum-Probst-ernannt.jpg 1024w\" sizes=\"auto, (max-width: 300px) 100vw, 300px\" \/><\/a><\/p>\n","protected":false},"excerpt":{"rendered":"\u00a0 S\u00f6gel &#8211; Mit 100 Gl\u00e4ubigen hat die orthodoxe Kirchengemeinde Papenburg-S\u00f6gel am Samstag, dem 03.11.2018 einen Gottesdienst mit dem Erzbischof Serafim Juanta\u00a0 gefeiert. Rum\u00e4nisch &#8211; orthodoxe Christen gibt es bereits seit dem 19. Jahrhundert in Deutschland. Die Wende von 1989 machte es m\u00f6glich, dass \u00fcber Arbeitsmigration immer mehr Rum\u00e4ninnen und Rum\u00e4nen nach Deutschland kamen. Die [&hellip;]\n","protected":false},"author":2,"featured_media":0,"comment_status":"closed","ping_status":"closed","sticky":false,"template":"","format":"standard","meta":{"ngg_post_thumbnail":0,"footnotes":""},"categories":[868],"tags":[],"class_list":["post-25559","post","type-post","status-publish","format-standard","hentry","category-zwischen-himmel-und-erde"],"_links":{"self":[{"href":"https:\/\/www.forum-soegel.de\/information\/wp-json\/wp\/v2\/posts\/25559","targetHints":{"allow":["GET"]}}],"collection":[{"href":"https:\/\/www.forum-soegel.de\/information\/wp-json\/wp\/v2\/posts"}],"about":[{"href":"https:\/\/www.forum-soegel.de\/information\/wp-json\/wp\/v2\/types\/post"}],"author":[{"embeddable":true,"href":"https:\/\/www.forum-soegel.de\/information\/wp-json\/wp\/v2\/users\/2"}],"replies":[{"embeddable":true,"href":"https:\/\/www.forum-soegel.de\/information\/wp-json\/wp\/v2\/comments?post=25559"}],"version-history":[{"count":2,"href":"https:\/\/www.forum-soegel.de\/information\/wp-json\/wp\/v2\/posts\/25559\/revisions"}],"predecessor-version":[{"id":25562,"href":"https:\/\/www.forum-soegel.de\/information\/wp-json\/wp\/v2\/posts\/25559\/revisions\/25562"}],"wp:attachment":[{"href":"https:\/\/www.forum-soegel.de\/information\/wp-json\/wp\/v2\/media?parent=25559"}],"wp:term":[{"taxonomy":"category","embeddable":true,"href":"https:\/\/www.forum-soegel.de\/information\/wp-json\/wp\/v2\/categories?post=25559"},{"taxonomy":"post_tag","embeddable":true,"href":"https:\/\/www.forum-soegel.de\/information\/wp-json\/wp\/v2\/tags?post=25559"}],"curies":[{"name":"wp","href":"https:\/\/api.w.org\/{rel}","templated":true}]}}