{"id":25550,"date":"2018-12-24T15:42:36","date_gmt":"2018-12-24T14:42:36","guid":{"rendered":"https:\/\/www.forum-soegel.de\/information\/?p=25550"},"modified":"2018-12-24T15:42:36","modified_gmt":"2018-12-24T14:42:36","slug":"familienzentrum-st-jakobus-laedt-alle-rumaenischen-familien-ein","status":"publish","type":"post","link":"https:\/\/www.forum-soegel.de\/information\/2018\/12\/familienzentrum-st-jakobus-laedt-alle-rumaenischen-familien-ein\/","title":{"rendered":"Familienzentrum St. Jakobus l\u00e4dt alle rum\u00e4nischen Familien ein"},"content":{"rendered":"<p>S\u00f6gel &#8211; Unter dem Motto \u201eDie Gemeinde S\u00f6gel stellt sich vor\u201c hat das Familienzentrum Sankt Jakobus alle rum\u00e4nischen Familien der Gemeinde zu einem \u201eKennenlernnachmittag\u201c im Heimathaus eingeladen.<br \/>\n\u201eWir haben bewusst das Heimathaus und nicht die Kindergartenr\u00e4umlichkeiten f\u00fcr das Treffen ausgew\u00e4hlt, da dieses Geb\u00e4ude insbesondere mit dem Wort Heimat verbunden ist und auch Familien ohne Kinder oder Kleinkinder eingeladen waren\u201c, erkl\u00e4rte Kindergartenleiterin Irmgard Welling.<\/p>\n<p>Au\u00dferdem sei es ihr ein wichtiges Anliegen zu zeigen, dass es in der Gemeinde S\u00f6gel auch gr\u00f6\u00dfere R\u00e4umlichkeiten f\u00fcr ein Treffen gebe. Gemeinschaftliche Veranstaltungen seien in Rum\u00e4nien in solch einer Form nicht \u00fcblich. \u201eIn meinem Heimatort in Rum\u00e4nien gibt es solche Veranstaltungen nicht. Dort unternimmt jeder etwas alleine mit seiner Familie\u201c, erz\u00e4hlte eine Frau im Austausch. Dies best\u00e4tigten die weiteren G\u00e4ste. Aus diesem Grunde waren viele von ihnen begeistert von dem Heimathaus, dessen Funktion und Geschichte sie zuvor nicht kannten.<\/p>\n<p>Neben einem Vortrag zu den Institutionen, Einrichtungen und Geb\u00e4uden der Gemeinde S\u00f6gel konnten die Anwesenden sich bei Kaffee und Kuchen austauschen, w\u00e4hrend die Kinder von Erziehern betreut wurden. Es kamen auch Familien von au\u00dferhalb, die der rum\u00e4nisch-orthodoxe Pfarrer Marius nach der Sonntagsmesse mit in das Heimathaus brachte.<br \/>\nAnlass des Treffens war die Teilnahme des Familienzentrums am Bundesprogramm \u201eKita-Einstieg: Br\u00fccken bauen in fr\u00fche Bildung\u201c, welches bundesweit 168 Standorte f\u00f6rdert. Im Rahmen dieses Projektes wurden die Erzieher Kevin Reuter und Thorsten Heymann f\u00fcr die p\u00e4dagogische Begleitung und Betreuung der Kinder im Familienzentrum eingestellt.<\/p>\n<p>Das Programm richtet sich an Familien mit besonderen Zugangsh\u00fcrden, darunter auch solche mit Migrationshintergrund. \u201eIn unserer Kindertagesst\u00e4tte haben 40 % der Kinder einen Migrationshintergrund. Davon sind 20 % Rum\u00e4nen\u201c, erkl\u00e4rte Welling.<\/p>\n<p>Seit Anfang des Jahres befindet sich zudem die Dolmetscherin und geb\u00fcrtige Rum\u00e4nin Georgeta Mogos in Ausbildung zur Sozialassistentin im Familienzentrum und steht den Erzieherinnen und Erziehern bei Verst\u00e4ndnisproblemen zur Seite. F\u00fcr das kommende Jahr visiert Welling bereits eine Wiederholung des \u201eKennenlernnachmittages\u201c an.<\/p>\n<p>Text\/Foto: Marina Heller<\/p>\n<div id=\"attachment_25551\" style=\"width: 310px\" class=\"wp-caption alignnone\"><a href=\"https:\/\/www.forum-soegel.de\/information\/2018\/12\/familienzentrum-st-jakobus-laedt-alle-rumaenischen-familien-ein\/familienzentrum-st-jakobus-laedt-alle-rumaenischen-familien-ein-2\/\" rel=\"attachment wp-att-25551\"><img loading=\"lazy\" decoding=\"async\" aria-describedby=\"caption-attachment-25551\" class=\"wp-image-25551 size-medium\" src=\"https:\/\/www.forum-soegel.de\/information\/wp-content\/uploads\/2018\/12\/Familienzentrum-St.-Jakobus-l\u00e4dt-alle-rum\u00e4nischen-Familien-ein-2-300x200.jpg\" alt=\"\" width=\"300\" height=\"200\" srcset=\"https:\/\/www.forum-soegel.de\/information\/wp-content\/uploads\/2018\/12\/Familienzentrum-St.-Jakobus-l\u00e4dt-alle-rum\u00e4nischen-Familien-ein-2-300x200.jpg 300w, https:\/\/www.forum-soegel.de\/information\/wp-content\/uploads\/2018\/12\/Familienzentrum-St.-Jakobus-l\u00e4dt-alle-rum\u00e4nischen-Familien-ein-2-768x512.jpg 768w, https:\/\/www.forum-soegel.de\/information\/wp-content\/uploads\/2018\/12\/Familienzentrum-St.-Jakobus-l\u00e4dt-alle-rum\u00e4nischen-Familien-ein-2.jpg 1024w\" sizes=\"auto, (max-width: 300px) 100vw, 300px\" \/><\/a><p id=\"caption-attachment-25551\" class=\"wp-caption-text\">Kindergartenleiterin Irmgard Welling und Dolmetscherin Georgeta Mogos stellten den G\u00e4sten sowohl auf Deutsch als auch auf Rum\u00e4nisch die Gemeinde S\u00f6gel vor.<\/p><\/div>\n<div id=\"attachment_25552\" style=\"width: 310px\" class=\"wp-caption alignnone\"><a href=\"https:\/\/www.forum-soegel.de\/information\/2018\/12\/familienzentrum-st-jakobus-laedt-alle-rumaenischen-familien-ein\/familienzentrum-st-jakobus-laedt-alle-rumaenischen-familien-ein-1\/\" rel=\"attachment wp-att-25552\"><img loading=\"lazy\" decoding=\"async\" aria-describedby=\"caption-attachment-25552\" class=\"wp-image-25552 size-medium\" src=\"https:\/\/www.forum-soegel.de\/information\/wp-content\/uploads\/2018\/12\/Familienzentrum-St.-Jakobus-l\u00e4dt-alle-rum\u00e4nischen-Familien-ein-1-300x170.jpg\" alt=\"\" width=\"300\" height=\"170\" srcset=\"https:\/\/www.forum-soegel.de\/information\/wp-content\/uploads\/2018\/12\/Familienzentrum-St.-Jakobus-l\u00e4dt-alle-rum\u00e4nischen-Familien-ein-1-300x170.jpg 300w, https:\/\/www.forum-soegel.de\/information\/wp-content\/uploads\/2018\/12\/Familienzentrum-St.-Jakobus-l\u00e4dt-alle-rum\u00e4nischen-Familien-ein-1-768x436.jpg 768w, https:\/\/www.forum-soegel.de\/information\/wp-content\/uploads\/2018\/12\/Familienzentrum-St.-Jakobus-l\u00e4dt-alle-rum\u00e4nischen-Familien-ein-1.jpg 1024w\" sizes=\"auto, (max-width: 300px) 100vw, 300px\" \/><\/a><p id=\"caption-attachment-25552\" class=\"wp-caption-text\">Einige rum\u00e4nische Familien kamen zu dem Treffen, obwohl sie solche Gemeinschaftsveranstaltungen aus Rum\u00e4nien nicht kennen.<\/p><\/div>\n<p>&nbsp;<\/p>\n","protected":false},"excerpt":{"rendered":"S\u00f6gel &#8211; Unter dem Motto \u201eDie Gemeinde S\u00f6gel stellt sich vor\u201c hat das Familienzentrum Sankt Jakobus alle rum\u00e4nischen Familien der Gemeinde zu einem \u201eKennenlernnachmittag\u201c im Heimathaus eingeladen. \u201eWir haben bewusst das Heimathaus und nicht die Kindergartenr\u00e4umlichkeiten f\u00fcr das Treffen ausgew\u00e4hlt, da dieses Geb\u00e4ude insbesondere mit dem Wort Heimat verbunden ist und auch Familien ohne Kinder [&hellip;]\n","protected":false},"author":2,"featured_media":0,"comment_status":"closed","ping_status":"closed","sticky":false,"template":"","format":"standard","meta":{"ngg_post_thumbnail":0,"footnotes":""},"categories":[868],"tags":[],"class_list":["post-25550","post","type-post","status-publish","format-standard","hentry","category-zwischen-himmel-und-erde"],"_links":{"self":[{"href":"https:\/\/www.forum-soegel.de\/information\/wp-json\/wp\/v2\/posts\/25550","targetHints":{"allow":["GET"]}}],"collection":[{"href":"https:\/\/www.forum-soegel.de\/information\/wp-json\/wp\/v2\/posts"}],"about":[{"href":"https:\/\/www.forum-soegel.de\/information\/wp-json\/wp\/v2\/types\/post"}],"author":[{"embeddable":true,"href":"https:\/\/www.forum-soegel.de\/information\/wp-json\/wp\/v2\/users\/2"}],"replies":[{"embeddable":true,"href":"https:\/\/www.forum-soegel.de\/information\/wp-json\/wp\/v2\/comments?post=25550"}],"version-history":[{"count":2,"href":"https:\/\/www.forum-soegel.de\/information\/wp-json\/wp\/v2\/posts\/25550\/revisions"}],"predecessor-version":[{"id":25554,"href":"https:\/\/www.forum-soegel.de\/information\/wp-json\/wp\/v2\/posts\/25550\/revisions\/25554"}],"wp:attachment":[{"href":"https:\/\/www.forum-soegel.de\/information\/wp-json\/wp\/v2\/media?parent=25550"}],"wp:term":[{"taxonomy":"category","embeddable":true,"href":"https:\/\/www.forum-soegel.de\/information\/wp-json\/wp\/v2\/categories?post=25550"},{"taxonomy":"post_tag","embeddable":true,"href":"https:\/\/www.forum-soegel.de\/information\/wp-json\/wp\/v2\/tags?post=25550"}],"curies":[{"name":"wp","href":"https:\/\/api.w.org\/{rel}","templated":true}]}}