{"id":2555,"date":"2010-07-01T00:46:41","date_gmt":"2010-06-30T22:46:41","guid":{"rendered":"https:\/\/www.forum-soegel.de\/information\/?p=2555"},"modified":"2010-06-30T08:48:32","modified_gmt":"2010-06-30T06:48:32","slug":"%e2%80%9elotsenkaffee%e2%80%9c","status":"publish","type":"post","link":"https:\/\/www.forum-soegel.de\/information\/2010\/07\/%e2%80%9elotsenkaffee%e2%80%9c\/","title":{"rendered":"\u201eLotsenkaffee\u201c"},"content":{"rendered":"<p>Die Gemeinde S\u00f6gel hat zum Schuljahresende die Sch\u00fclerlotsen zu einem \u201eLotsenkaffee\u201c eingeladen. Stellvertretender Gemeindedirektor Hans Nowak nutzte die Gelegenheit, sich bei den Lotsen f\u00fcr ihren ehrenamtlichen Einsatz zu bedanken. Gerd Kerssens vom Fachbereich Zentrale Dienste der Gemeinde S\u00f6gel berichtete dabei, dass sich seit dem Einsatz der Sch\u00fclerlotsen kein Unfall an den betreuten Verkehrsknotenpunkten ereignet habe. Diese erfreuliche Bilanz sei das Verdienst derer, die t\u00e4glich ehrenamtlich f\u00fcr die Sicherheit der Kinder sorgten. Damit das auch in Zukunft so m\u00f6glich sei, ben\u00f6tigten die Sch\u00fclerlotsen Verst\u00e4rkung. Es fehlten derzeit Freiwillige, die sich f\u00fcr diesen \u201e\u00e4u\u00dferst wichtigen Dienst\u201c zur Verf\u00fcgung stellten. Die Gemeinde appelliere daher an alle S\u00f6geler, die das 14. Lebensjahr vollendet und in den Morgenstunden Zeit haben, mitzuhelfen, dass die Kinder sicher zur Schule gelangten. Interessierte k\u00f6nnen sich bei Gerd Kerssens (Tel.: 05952\/206117) melden. Die erforderliche Sicherheitskleidung wird kostenlos gestellt. Unser Foto zeigt die Sch\u00fclerlotsen, die am Lotsenkaffee teilgenommen haben mit Hans Nowak und Gerd Kerssens von der Gemeinde S\u00f6gel und Hermann Schmitz von der Polizeistation S\u00f6gel.<\/p>\n<p>Text\/Foto: Gemeinde S\u00f6gel<\/p>\n<p><a href=\"https:\/\/www.forum-soegel.de\/information\/wp-content\/uploads\/2010\/06\/Lotsen.jpg\"><img loading=\"lazy\" decoding=\"async\" class=\"alignnone size-medium wp-image-2556\" title=\"Lotsen\" src=\"https:\/\/www.forum-soegel.de\/information\/wp-content\/uploads\/2010\/06\/Lotsen-300x225.jpg\" alt=\"\" width=\"300\" height=\"225\" srcset=\"https:\/\/www.forum-soegel.de\/information\/wp-content\/uploads\/2010\/06\/Lotsen-300x225.jpg 300w, https:\/\/www.forum-soegel.de\/information\/wp-content\/uploads\/2010\/06\/Lotsen.jpg 1024w\" sizes=\"auto, (max-width: 300px) 100vw, 300px\" \/><\/a><\/p>\n","protected":false},"excerpt":{"rendered":"Die Gemeinde S\u00f6gel hat zum Schuljahresende die Sch\u00fclerlotsen zu einem \u201eLotsenkaffee\u201c eingeladen. Stellvertretender Gemeindedirektor Hans Nowak nutzte die Gelegenheit, sich bei den Lotsen f\u00fcr ihren ehrenamtlichen Einsatz zu bedanken. Gerd Kerssens vom Fachbereich Zentrale Dienste der Gemeinde S\u00f6gel berichtete dabei, dass sich seit dem Einsatz der Sch\u00fclerlotsen kein Unfall an den betreuten Verkehrsknotenpunkten ereignet habe. [&hellip;]\n","protected":false},"author":2,"featured_media":0,"comment_status":"closed","ping_status":"closed","sticky":false,"template":"","format":"standard","meta":{"ngg_post_thumbnail":0,"footnotes":""},"categories":[3],"tags":[],"class_list":["post-2555","post","type-post","status-publish","format-standard","hentry","category-aktuelles-aus-der-region"],"_links":{"self":[{"href":"https:\/\/www.forum-soegel.de\/information\/wp-json\/wp\/v2\/posts\/2555","targetHints":{"allow":["GET"]}}],"collection":[{"href":"https:\/\/www.forum-soegel.de\/information\/wp-json\/wp\/v2\/posts"}],"about":[{"href":"https:\/\/www.forum-soegel.de\/information\/wp-json\/wp\/v2\/types\/post"}],"author":[{"embeddable":true,"href":"https:\/\/www.forum-soegel.de\/information\/wp-json\/wp\/v2\/users\/2"}],"replies":[{"embeddable":true,"href":"https:\/\/www.forum-soegel.de\/information\/wp-json\/wp\/v2\/comments?post=2555"}],"version-history":[{"count":2,"href":"https:\/\/www.forum-soegel.de\/information\/wp-json\/wp\/v2\/posts\/2555\/revisions"}],"predecessor-version":[{"id":2558,"href":"https:\/\/www.forum-soegel.de\/information\/wp-json\/wp\/v2\/posts\/2555\/revisions\/2558"}],"wp:attachment":[{"href":"https:\/\/www.forum-soegel.de\/information\/wp-json\/wp\/v2\/media?parent=2555"}],"wp:term":[{"taxonomy":"category","embeddable":true,"href":"https:\/\/www.forum-soegel.de\/information\/wp-json\/wp\/v2\/categories?post=2555"},{"taxonomy":"post_tag","embeddable":true,"href":"https:\/\/www.forum-soegel.de\/information\/wp-json\/wp\/v2\/tags?post=2555"}],"curies":[{"name":"wp","href":"https:\/\/api.w.org\/{rel}","templated":true}]}}