{"id":25545,"date":"2018-12-24T15:40:06","date_gmt":"2018-12-24T14:40:06","guid":{"rendered":"https:\/\/www.forum-soegel.de\/information\/?p=25545"},"modified":"2018-12-24T15:40:06","modified_gmt":"2018-12-24T14:40:06","slug":"exclusives-brot-tasting-der-baeckerei-wintering","status":"publish","type":"post","link":"https:\/\/www.forum-soegel.de\/information\/2018\/12\/exclusives-brot-tasting-der-baeckerei-wintering\/","title":{"rendered":"Exclusives Brot Tasting der B\u00e4ckerei Wintering"},"content":{"rendered":"<p>Stavern &#8211; Zu einem exklusiven \u201eBrot-Tasting\u201c\u00a0 lud der kfd-Vorstand Stavern am 24.10.2018 seine Mitgliederinnen und Interessierte ein.<\/p>\n<p>Brotsommelier Daniel Wintering konnte im Jugendheim Stavern 33 Frauen begr\u00fc\u00dfen, die gespannt seinem Vortrag \u00fcber faszinierende Fakten zur jahrtausendalten Kulturgeschichte des Brotes folgten und viel Wissenswertes erfuhren.<\/p>\n<p>Neben verschiedenen handwerklich gebackenen Broten der B\u00e4ckerei Wintering, wie z. B. Baguette, Kilberstuten, Kr\u00e4uter- und K\u00fcrbisbrot konnten die dazu gereichten Dips mit Wein und Wasser probiert werden.<\/p>\n<p>Fragen der anwesenden Frauen wurden an diesem sch\u00f6nen und informativen Abend sehr gerne von Herrn Wintering beantwortet.<\/p>\n<p>Text: Rita Eikens \/ Foto: Margret R\u00fcting<\/p>\n<p><a href=\"https:\/\/www.forum-soegel.de\/information\/2018\/12\/exclusives-brot-tasting-der-baeckerei-wintering\/exclusives-brot-tasting-der-baeckerei-wintering-2\/\" rel=\"attachment wp-att-25546\"><img loading=\"lazy\" decoding=\"async\" class=\"alignnone size-thumbnail wp-image-25546\" src=\"https:\/\/www.forum-soegel.de\/information\/wp-content\/uploads\/2018\/12\/Exclusives-Brot-Tasting-der-B\u00e4ckerei-Wintering-2-150x150.jpg\" alt=\"\" width=\"150\" height=\"150\" \/><\/a> <a href=\"https:\/\/www.forum-soegel.de\/information\/2018\/12\/exclusives-brot-tasting-der-baeckerei-wintering\/exclusives-brot-tasting-der-baeckerei-wintering-1\/\" rel=\"attachment wp-att-25547\"><img loading=\"lazy\" decoding=\"async\" class=\"alignnone size-thumbnail wp-image-25547\" src=\"https:\/\/www.forum-soegel.de\/information\/wp-content\/uploads\/2018\/12\/Exclusives-Brot-Tasting-der-B\u00e4ckerei-Wintering-1-150x150.jpg\" alt=\"\" width=\"150\" height=\"150\" \/><\/a><\/p>\n","protected":false},"excerpt":{"rendered":"Stavern &#8211; Zu einem exklusiven \u201eBrot-Tasting\u201c\u00a0 lud der kfd-Vorstand Stavern am 24.10.2018 seine Mitgliederinnen und Interessierte ein. Brotsommelier Daniel Wintering konnte im Jugendheim Stavern 33 Frauen begr\u00fc\u00dfen, die gespannt seinem Vortrag \u00fcber faszinierende Fakten zur jahrtausendalten Kulturgeschichte des Brotes folgten und viel Wissenswertes erfuhren. Neben verschiedenen handwerklich gebackenen Broten der B\u00e4ckerei Wintering, wie z. B. [&hellip;]\n","protected":false},"author":2,"featured_media":0,"comment_status":"closed","ping_status":"closed","sticky":false,"template":"","format":"standard","meta":{"ngg_post_thumbnail":0,"footnotes":""},"categories":[868],"tags":[],"class_list":["post-25545","post","type-post","status-publish","format-standard","hentry","category-zwischen-himmel-und-erde"],"_links":{"self":[{"href":"https:\/\/www.forum-soegel.de\/information\/wp-json\/wp\/v2\/posts\/25545","targetHints":{"allow":["GET"]}}],"collection":[{"href":"https:\/\/www.forum-soegel.de\/information\/wp-json\/wp\/v2\/posts"}],"about":[{"href":"https:\/\/www.forum-soegel.de\/information\/wp-json\/wp\/v2\/types\/post"}],"author":[{"embeddable":true,"href":"https:\/\/www.forum-soegel.de\/information\/wp-json\/wp\/v2\/users\/2"}],"replies":[{"embeddable":true,"href":"https:\/\/www.forum-soegel.de\/information\/wp-json\/wp\/v2\/comments?post=25545"}],"version-history":[{"count":2,"href":"https:\/\/www.forum-soegel.de\/information\/wp-json\/wp\/v2\/posts\/25545\/revisions"}],"predecessor-version":[{"id":25549,"href":"https:\/\/www.forum-soegel.de\/information\/wp-json\/wp\/v2\/posts\/25545\/revisions\/25549"}],"wp:attachment":[{"href":"https:\/\/www.forum-soegel.de\/information\/wp-json\/wp\/v2\/media?parent=25545"}],"wp:term":[{"taxonomy":"category","embeddable":true,"href":"https:\/\/www.forum-soegel.de\/information\/wp-json\/wp\/v2\/categories?post=25545"},{"taxonomy":"post_tag","embeddable":true,"href":"https:\/\/www.forum-soegel.de\/information\/wp-json\/wp\/v2\/tags?post=25545"}],"curies":[{"name":"wp","href":"https:\/\/api.w.org\/{rel}","templated":true}]}}