{"id":25543,"date":"2018-12-24T15:38:30","date_gmt":"2018-12-24T14:38:30","guid":{"rendered":"https:\/\/www.forum-soegel.de\/information\/?p=25543"},"modified":"2018-12-24T15:38:30","modified_gmt":"2018-12-24T14:38:30","slug":"erntedank-der-landfrauen-berssen-stavern","status":"publish","type":"post","link":"https:\/\/www.forum-soegel.de\/information\/2018\/12\/erntedank-der-landfrauen-berssen-stavern\/","title":{"rendered":"Erntedank der Landfrauen Ber\u00dfen\/Stavern"},"content":{"rendered":"<p>Berssen\/Stavern &#8211; Wie jedes Jahr richteten die Landfrauen Ber\u00dfen\/Stavern auch dieses Jahr das Erntedankfest aus. Als erstes wurde die Kirche geschm\u00fcckt und die Erntekrone aufgestellt.<\/p>\n<p>Renate Hinrichs und Maria Suilmann hielten den Gottesesdienst. Nach dam Gottesesdienst ging es ins B\u00fcrgerhaus, wo f\u00fcr die zahlreichen G\u00e4ste der Imker Bj\u00f6rn Wicks einen Vortrag \u00fcber das Leben der Bienen hielt. Damit der Abend stimmig wurde, haben die Landrauen ein B\u00fcffet vorbereitet. Ob Brot, Fleisch, Salat oder Nachtisch alle Gerichte wurden Themengerecht mit Honig zubereitet. Ein gr\u00f6\u00dferes Kompliment kann man den\u00a0 Landfrauen nicht machen, denn es wurde alles aufgegessen, ihr habt es wieder wunderbar ausgerichtet.<\/p>\n<p>Wer auch einmal etwas Pause vom Alltag und einen sch\u00f6nen Abend verbringen m\u00f6chte, kann sich gern unter der Telefonnummer 05965\/9499767 melden.<\/p>\n<p>Text: Petra Reymann<\/p>\n","protected":false},"excerpt":{"rendered":"Berssen\/Stavern &#8211; Wie jedes Jahr richteten die Landfrauen Ber\u00dfen\/Stavern auch dieses Jahr das Erntedankfest aus. Als erstes wurde die Kirche geschm\u00fcckt und die Erntekrone aufgestellt. Renate Hinrichs und Maria Suilmann hielten den Gottesesdienst. Nach dam Gottesesdienst ging es ins B\u00fcrgerhaus, wo f\u00fcr die zahlreichen G\u00e4ste der Imker Bj\u00f6rn Wicks einen Vortrag \u00fcber das Leben der [&hellip;]\n","protected":false},"author":2,"featured_media":0,"comment_status":"closed","ping_status":"closed","sticky":false,"template":"","format":"standard","meta":{"ngg_post_thumbnail":0,"footnotes":""},"categories":[868],"tags":[],"class_list":["post-25543","post","type-post","status-publish","format-standard","hentry","category-zwischen-himmel-und-erde"],"_links":{"self":[{"href":"https:\/\/www.forum-soegel.de\/information\/wp-json\/wp\/v2\/posts\/25543","targetHints":{"allow":["GET"]}}],"collection":[{"href":"https:\/\/www.forum-soegel.de\/information\/wp-json\/wp\/v2\/posts"}],"about":[{"href":"https:\/\/www.forum-soegel.de\/information\/wp-json\/wp\/v2\/types\/post"}],"author":[{"embeddable":true,"href":"https:\/\/www.forum-soegel.de\/information\/wp-json\/wp\/v2\/users\/2"}],"replies":[{"embeddable":true,"href":"https:\/\/www.forum-soegel.de\/information\/wp-json\/wp\/v2\/comments?post=25543"}],"version-history":[{"count":1,"href":"https:\/\/www.forum-soegel.de\/information\/wp-json\/wp\/v2\/posts\/25543\/revisions"}],"predecessor-version":[{"id":25544,"href":"https:\/\/www.forum-soegel.de\/information\/wp-json\/wp\/v2\/posts\/25543\/revisions\/25544"}],"wp:attachment":[{"href":"https:\/\/www.forum-soegel.de\/information\/wp-json\/wp\/v2\/media?parent=25543"}],"wp:term":[{"taxonomy":"category","embeddable":true,"href":"https:\/\/www.forum-soegel.de\/information\/wp-json\/wp\/v2\/categories?post=25543"},{"taxonomy":"post_tag","embeddable":true,"href":"https:\/\/www.forum-soegel.de\/information\/wp-json\/wp\/v2\/tags?post=25543"}],"curies":[{"name":"wp","href":"https:\/\/api.w.org\/{rel}","templated":true}]}}