{"id":25538,"date":"2018-12-24T15:37:38","date_gmt":"2018-12-24T14:37:38","guid":{"rendered":"https:\/\/www.forum-soegel.de\/information\/?p=25538"},"modified":"2018-12-24T15:37:38","modified_gmt":"2018-12-24T14:37:38","slug":"eine-bewegende-gedenkfeier-fuer-die-juedischen-ns-opfer","status":"publish","type":"post","link":"https:\/\/www.forum-soegel.de\/information\/2018\/12\/eine-bewegende-gedenkfeier-fuer-die-juedischen-ns-opfer\/","title":{"rendered":"Eine bewegende Gedenkfeier f\u00fcr die j\u00fcdischen NS-Opfer"},"content":{"rendered":"<p><a href=\"https:\/\/www.forum-soegel.de\/information\/2018\/12\/eine-bewegende-gedenkfeier-fuer-die-juedischen-ns-opfer\/eine-bewegende-gedenkfeier-fuer-die-juedischen-ns-opfer-1\/\" rel=\"attachment wp-att-25540\"><img loading=\"lazy\" decoding=\"async\" class=\"alignleft size-medium wp-image-25540\" src=\"https:\/\/www.forum-soegel.de\/information\/wp-content\/uploads\/2018\/12\/Eine-bewegende-Gedenkfeier-f\u00fcr-die-j\u00fcdischen-NS-Opfer-1-300x225.jpg\" alt=\"\" width=\"300\" height=\"225\" srcset=\"https:\/\/www.forum-soegel.de\/information\/wp-content\/uploads\/2018\/12\/Eine-bewegende-Gedenkfeier-f\u00fcr-die-j\u00fcdischen-NS-Opfer-1-300x225.jpg 300w, https:\/\/www.forum-soegel.de\/information\/wp-content\/uploads\/2018\/12\/Eine-bewegende-Gedenkfeier-f\u00fcr-die-j\u00fcdischen-NS-Opfer-1-768x576.jpg 768w, https:\/\/www.forum-soegel.de\/information\/wp-content\/uploads\/2018\/12\/Eine-bewegende-Gedenkfeier-f\u00fcr-die-j\u00fcdischen-NS-Opfer-1.jpg 1024w\" sizes=\"auto, (max-width: 300px) 100vw, 300px\" \/><\/a>S\u00f6gel &#8211; Am 9. November fand eine bewegende Gedenkfeier zur Erinnerung an die Reichspogromnacht in der Aula des H\u00fcmmling-Gymnasiums statt. Sie wurde von der B\u00fcrgermeisterin der Gemeinde S\u00f6gel Irmgard Welling gemeinsam mit Sch\u00fclerinnen und Sch\u00fclern aus dem Geschichtskurs der Schule gestaltet. Sie alle appellierten dabei besonders an die junge Generation, keinen Schlussstrich unter die Schuldfrage zu ziehen, sondern weiter im Dialog zu bleiben.<\/p>\n<p>Verantwortlich f\u00fcr die Durchf\u00fchrung der knapp einst\u00fcndigen Gedenkfeier in der Aula des Gymnasiums waren 15 Sch\u00fcler aus der Oberstufe. Seit Ende August bereiteten sich die Elft- und Zw\u00f6lftkl\u00e4ssler gemeinsam mit den Geschichtslehrern Henning Strotbek und David Hofwater auf die Veranstaltung vor. \u201eDa steckt viel Arbeit in der Freizeit drin, da die Jugendlichen freiwillig nach dem Schulunterricht die Vorbereitungen in Angriff nahmen und dabei unter anderem das Gemeindearchiv und die Geschichts- und Zukunftswerkstatt aufsuchten\u201c, erkl\u00e4rte Strotbek. Seit 2011 f\u00fchrt das H\u00fcmmling-Gymnasium im j\u00e4hrlichen Wechsel mit der Schule am Schloss die Gedenkfeier durch.<\/p>\n<p>\u201eVieles wirkt uns Sch\u00fclern fremd und wie aus einem Spielfilm, wenn im Unterricht die NS-Zeit behandelt wird\u201c, teilten die Sch\u00fcler einleitend mit. Das bedeute <a href=\"https:\/\/www.forum-soegel.de\/information\/2018\/12\/eine-bewegende-gedenkfeier-fuer-die-juedischen-ns-opfer\/eine-bewegende-gedenkfeier-fuer-die-juedischen-ns-opfer-2\/\" rel=\"attachment wp-att-25539\"><img loading=\"lazy\" decoding=\"async\" class=\"alignright wp-image-25539 size-medium\" src=\"https:\/\/www.forum-soegel.de\/information\/wp-content\/uploads\/2018\/12\/Eine-bewegende-Gedenkfeier-f\u00fcr-die-j\u00fcdischen-NS-Opfer-2-e1545662248506-225x300.jpg\" alt=\"\" width=\"225\" height=\"300\" srcset=\"https:\/\/www.forum-soegel.de\/information\/wp-content\/uploads\/2018\/12\/Eine-bewegende-Gedenkfeier-f\u00fcr-die-j\u00fcdischen-NS-Opfer-2-e1545662248506-225x300.jpg 225w, https:\/\/www.forum-soegel.de\/information\/wp-content\/uploads\/2018\/12\/Eine-bewegende-Gedenkfeier-f\u00fcr-die-j\u00fcdischen-NS-Opfer-2-e1545662248506.jpg 768w\" sizes=\"auto, (max-width: 225px) 100vw, 225px\" \/><\/a>aber nicht, dass es unwichtig wird. \u201eWir m\u00fcssen daf\u00fcr sorgen, dass so etwas nie wieder passiert.\u201c Die Sch\u00fclergruppe appellierte daran, weiter im Dialog zu bleiben und sich auszutauschen. Es d\u00fcrfe kein Schlussstrich in der Schuldfrage gezogen und damit die Auseinandersetzung mit dem Thema beendet werden.<\/p>\n<p>Im weiteren Verlauf schilderten die Sch\u00fcler eindrucksvoll das Schicksal des j\u00fcdischen M\u00e4dchens Selma Meerbaum-Eisinger, die im Alter von 18 Jahren nach der Deportation in ein Zwangsarbeitslager an Fleckfieber starb. Sie hinterlie\u00df mehr als 50 Gedichte, in denen das M\u00e4dchen ihre Hoffnungen, Sehns\u00fcchte und \u00c4ngste zum Ausdruck brachte. Eines davon trugen vier Gymnasiastinnen vor, das mit den Worten \u201eIch will leben\u201c beginnt. Eine weitere Sch\u00fclergruppe zeigte einen digitalen Ortsplan von S\u00f6gel, auf dem die Standorte der verlegten Stolpersteine, der damals zerst\u00f6rten Synagoge, des j\u00fcdischen Friedhofs sowie der noch zu verlegenden Stolpersteine verzeichnet sind.<\/p>\n<p>Die Sch\u00fclergruppe setzte sich zudem kritisch mit der Rolle der Presse in der NS-Zeit auseinander. Daf\u00fcr recherchierten die Gymnasiasten im Vorfeld im S\u00f6geler Gemeindearchiv und verglichen die propagandistische Berichterstattung in den Tagen vor und nach der Reichspogromnacht mit der Realit\u00e4t. Auch der Umgang mit den T\u00e4tern nach Kriegsende wurde am Beispiel des SS-Obersturmf\u00fchrers Eduard Krebsbach beleuchtet. Als Mediziner und Standortarzt im Konzentrationslager Mauthausen bestimmte er w\u00e4hrend des Krieges die T\u00f6tung von arbeitsunf\u00e4higen und kranken Lagerinsassen.<\/p>\n<p>Im Anschluss wurden Luftballons mit \u201emahnenden\u201c Botschaften fliegen gelassen.<\/p>\n<p>Text\/Foto: Ingrid Cloppenburg<\/p>\n<p>&nbsp;<\/p>\n","protected":false},"excerpt":{"rendered":"S\u00f6gel &#8211; Am 9. November fand eine bewegende Gedenkfeier zur Erinnerung an die Reichspogromnacht in der Aula des H\u00fcmmling-Gymnasiums statt. Sie wurde von der B\u00fcrgermeisterin der Gemeinde S\u00f6gel Irmgard Welling gemeinsam mit Sch\u00fclerinnen und Sch\u00fclern aus dem Geschichtskurs der Schule gestaltet. Sie alle appellierten dabei besonders an die junge Generation, keinen Schlussstrich unter die Schuldfrage [&hellip;]\n","protected":false},"author":2,"featured_media":0,"comment_status":"closed","ping_status":"closed","sticky":false,"template":"","format":"standard","meta":{"ngg_post_thumbnail":0,"footnotes":""},"categories":[868],"tags":[],"class_list":["post-25538","post","type-post","status-publish","format-standard","hentry","category-zwischen-himmel-und-erde"],"_links":{"self":[{"href":"https:\/\/www.forum-soegel.de\/information\/wp-json\/wp\/v2\/posts\/25538","targetHints":{"allow":["GET"]}}],"collection":[{"href":"https:\/\/www.forum-soegel.de\/information\/wp-json\/wp\/v2\/posts"}],"about":[{"href":"https:\/\/www.forum-soegel.de\/information\/wp-json\/wp\/v2\/types\/post"}],"author":[{"embeddable":true,"href":"https:\/\/www.forum-soegel.de\/information\/wp-json\/wp\/v2\/users\/2"}],"replies":[{"embeddable":true,"href":"https:\/\/www.forum-soegel.de\/information\/wp-json\/wp\/v2\/comments?post=25538"}],"version-history":[{"count":2,"href":"https:\/\/www.forum-soegel.de\/information\/wp-json\/wp\/v2\/posts\/25538\/revisions"}],"predecessor-version":[{"id":25542,"href":"https:\/\/www.forum-soegel.de\/information\/wp-json\/wp\/v2\/posts\/25538\/revisions\/25542"}],"wp:attachment":[{"href":"https:\/\/www.forum-soegel.de\/information\/wp-json\/wp\/v2\/media?parent=25538"}],"wp:term":[{"taxonomy":"category","embeddable":true,"href":"https:\/\/www.forum-soegel.de\/information\/wp-json\/wp\/v2\/categories?post=25538"},{"taxonomy":"post_tag","embeddable":true,"href":"https:\/\/www.forum-soegel.de\/information\/wp-json\/wp\/v2\/tags?post=25538"}],"curies":[{"name":"wp","href":"https:\/\/api.w.org\/{rel}","templated":true}]}}