{"id":25531,"date":"2018-12-21T19:30:10","date_gmt":"2018-12-21T18:30:10","guid":{"rendered":"https:\/\/www.forum-soegel.de\/information\/?p=25531"},"modified":"2019-05-05T10:59:02","modified_gmt":"2019-05-05T08:59:02","slug":"un-ruhe-bilder-im-soegeler-rathaus","status":"publish","type":"post","link":"https:\/\/www.forum-soegel.de\/information\/2018\/12\/un-ruhe-bilder-im-soegeler-rathaus\/","title":{"rendered":"Un-Ruhe-Bilder\u201c im S\u00f6geler Rathaus"},"content":{"rendered":"<p>S\u00f6gel &#8211; Bereits zum vierten Mal stellt die freischaffende K\u00fcnstlerin Prof. Dr. M. Monika Niermann ihre Werke im Ludmillenhof der Gemeinde S\u00f6gel aus. Unter dem Titel \u201eUn-Ruhe-Bilder\u201c zeigt sie 42 Gem\u00e4lde, die sich widerspr\u00fcchlich gegen\u00fcberstehen.<br \/>\n\u201eIch habe bewusst kein Konzept f\u00fcr diese Ausstellung gew\u00e4hlt. Die Bilder sind ein Spiegelbild meiner selbst. Sie reflektieren, was mich in den letzten Jahren bewegt hat oder mich zur Ruhe kommen lie\u00df\u201c, beschrieb Niermann selbst. So stellt sie sowohl die Ruhe als auch die Unruhe dar.<br \/>\nThematisch f\u00fchrte Gerd Gepp in die Ausstellung ein. Er forderte die G\u00e4ste mit plakativen und bewusst provozierenden Worten zum Thema Wolf und Tattoo heraus. \u201eIch hoffe, ich habe mit diesen Beispielen ihren stillen Protest herausgefordert, denn nichts anderes meint das Thema \u201eUn-Ruhe\u201c, so Gepp. Niermann male dieses Thema sehr moderat und sehr viel zur\u00fcckhaltender. \u201eImmer ist es die Sch\u00f6nheit, die uns auf den ersten Blick ihre Bilder bewundern l\u00e4sst.\u201c Gepp fuhr mit einem imagin\u00e4ren Rundgang durch die Ausstellung fort. Dabei stellte er den Anwesenden G\u00e4sten Fragen, zu denen sie sich selbst Erkl\u00e4rungen suchen sollten. Das interessanteste Bild sei Gepp zufolge das Gem\u00e4lde \u201e5 Minuten vor 12\u201c. \u201eAuf dem von mir ausgew\u00e4hlten Bild sehen wir Omas alte Wanduhr, die bei einer Haushaltsaufl\u00f6sung heutzutage meist weggeworfen wird.<\/p>\n<p>Eine goldene Uhr steht neben zwei Kreisen, einer aus Erde und einem kleinen Drahtzaun drum herum, wie ein frisch erworbenes Grundst\u00fcck, um das ich als erstes einen Zaun mache, das geh\u00f6rt jetzt mir. Darunter ein Zitat von Jane Fonda: \u201eWir gehen mit dieser Welt um, als h\u00e4tten wir noch eine im Kofferraum.\u201c Gewiss eine flapsige und doch aufr\u00fcttelnde Bemerkung. Warum dieses Zitat unter solch einem Bild?\u201c, regte Gepp abschlie\u00dfend zum Denken an. Er behandelte weiterhin die Gem\u00e4lde mit den Titeln \u201ewandlungsf\u00e4hig\u201c, \u201eLebensl\u00e4ufe\u201c, \u201eHahn\u201c, \u201ePferde im Gegenlicht\u201c, \u201eExodus\u201c, \u201eWinterstille\u201c und \u201eAkt I \u2013 V\u201c.<br \/>\nSamtgemeindeb\u00fcrgermeister G\u00fcnter Wigbers begr\u00fc\u00dfte alle G\u00e4ste zur 91. Ausstellungser\u00f6ffnung im Rathaus. \u201eIch kann mich noch sehr gut daran erinnern, als Monika Niermann gemeinsam mit Albert Radke im Jahr 2006 zum ersten Mal unter dem Titel \u201eLandart\u201c bei uns ausstellte\u201c, freute sich Wigbers. Niermann und der im Jahre 2016 verstorbene Bildhauer Radke h\u00e4tten \u201evielf\u00e4ltige Spuren in S\u00f6gel hinterlassen\u201c, unter anderem mit der Errichtung des 14 Stationen umfassenden Kreuzweges auf dem katholischen Friedhof in S\u00f6gel.<br \/>\nNiermann bedankte sich im Gegenzug bei Wigbers und Ingrid Cloppenburg, dass sie erneut ihre Gem\u00e4lde ausstellen d\u00fcrfe sowie f\u00fcr die musikalische Begleitung durch Hanna Cloppenburg an der Geige und Sabine Kluge am Klavier. \u201eDer Rahmen des Ludmillenhofes l\u00e4sst vieles zu, auch intime Ecken\u201c, so die K\u00fcnstlerin. Jeder suche eine individuelle Realit\u00e4t. Dies belegte sie an ihrem Bild \u201ewandlungsf\u00e4hig\u201c, welches ein Portr\u00e4t David Bowies ist. \u201eDavid Bowie ist das beste Beispiel, er erfand sich jeden Tag neu.\u201c Zu Beginn der Ausstellung laufen die Besucher an zwei nebeneinanderstehenden Bildern mit den Titeln \u201eStadtflucht\u201c und \u201eLandflucht\u201c vorbei. Auf der ersten Leinwand ist ein Mann zu sehen, der seinem Betrachter mit einem Rucksack bepackt den R\u00fccken zuwendet. Auf der zweiten Leinwand ist ebenfalls ein Mann zu sehen, der jedoch oberk\u00f6rperfrei mit der Frontseite zum Betrachter steht. Mit diesem Bild fordert Niermann die G\u00e4ste der Ausstellung heraus. Neben dem Bild h\u00e4ngen Stifte, mit denen der nackte Oberk\u00f6rper des Mannes bemalt werden soll. \u201eIch bin sehr gespannt, wie sich das Bild in den kommenden drei Monaten verwandeln wird\u201c, sagte Niermann. Die Ausstellung ist bis zum 12. Januar 2019 im Rathaus \u201eLudmillenhof\u201c der Samtgemeinde S\u00f6gel zu sehen.<br \/>\nNiermann wurde 1944 in Mewe (Westpreu\u00dfen) geboren. Nach einer Ausbildung und T\u00e4tigkeit als technische Zeichnerin und Industriedesignerin in Bremen studierte sie Kunstp\u00e4dagogik und Kunstgeschichte, Philosophie und P\u00e4dagogik in Bonn, K\u00f6ln und D\u00fcsseldorf.<\/p>\n<p>Nach der Promotion und Habilitation lehrte sie an verschiedenen Universit\u00e4ten. Seit 1973 ist Niermann als freischaffende K\u00fcnstlerin t\u00e4tig und konzentriert sich dabei auf Grafik, Malerei, Bildhauerei und Objektkunst.<\/p>\n<p>Text\/ Foto: Marina Heller<\/p>\n<div id=\"attachment_25532\" style=\"width: 310px\" class=\"wp-caption alignnone\"><a href=\"https:\/\/www.forum-soegel.de\/information\/2018\/12\/un-ruhe-bilder-im-soegeler-rathaus\/un-ruhe-bilder-im-soegeler-rathaus-3\/\" rel=\"attachment wp-att-25532\"><img loading=\"lazy\" decoding=\"async\" aria-describedby=\"caption-attachment-25532\" class=\"wp-image-25532 size-medium\" src=\"https:\/\/www.forum-soegel.de\/information\/wp-content\/uploads\/2018\/12\/Un-Ruhe-Bilder-im-S\u00f6geler-Rathaus-3-300x200.jpg\" alt=\"\" width=\"300\" height=\"200\" srcset=\"https:\/\/www.forum-soegel.de\/information\/wp-content\/uploads\/2018\/12\/Un-Ruhe-Bilder-im-S\u00f6geler-Rathaus-3-300x200.jpg 300w, https:\/\/www.forum-soegel.de\/information\/wp-content\/uploads\/2018\/12\/Un-Ruhe-Bilder-im-S\u00f6geler-Rathaus-3-768x512.jpg 768w, https:\/\/www.forum-soegel.de\/information\/wp-content\/uploads\/2018\/12\/Un-Ruhe-Bilder-im-S\u00f6geler-Rathaus-3.jpg 1024w\" sizes=\"auto, (max-width: 300px) 100vw, 300px\" \/><\/a><p id=\"caption-attachment-25532\" class=\"wp-caption-text\">Monika Niermann stellt bereits zum vierten Mal im Ludmillenhof des Rathauses der Samtgemeinde S\u00f6gel aus.<\/p><\/div>\n<div id=\"attachment_25533\" style=\"width: 310px\" class=\"wp-caption alignnone\"><a href=\"https:\/\/www.forum-soegel.de\/information\/2018\/12\/un-ruhe-bilder-im-soegeler-rathaus\/un-ruhe-bilder-im-soegeler-rathaus-1\/\" rel=\"attachment wp-att-25533\"><img loading=\"lazy\" decoding=\"async\" aria-describedby=\"caption-attachment-25533\" class=\"wp-image-25533 size-medium\" src=\"https:\/\/www.forum-soegel.de\/information\/wp-content\/uploads\/2018\/12\/Un-Ruhe-Bilder-im-S\u00f6geler-Rathaus-1-300x225.jpg\" alt=\"\" width=\"300\" height=\"225\" srcset=\"https:\/\/www.forum-soegel.de\/information\/wp-content\/uploads\/2018\/12\/Un-Ruhe-Bilder-im-S\u00f6geler-Rathaus-1-300x225.jpg 300w, https:\/\/www.forum-soegel.de\/information\/wp-content\/uploads\/2018\/12\/Un-Ruhe-Bilder-im-S\u00f6geler-Rathaus-1-768x576.jpg 768w, https:\/\/www.forum-soegel.de\/information\/wp-content\/uploads\/2018\/12\/Un-Ruhe-Bilder-im-S\u00f6geler-Rathaus-1.jpg 1024w\" sizes=\"auto, (max-width: 300px) 100vw, 300px\" \/><\/a><p id=\"caption-attachment-25533\" class=\"wp-caption-text\">Sabine Kluge (v.l.), Hanna Cloppenburg, Gerd Gepp, G\u00fcnter Wigbers, Monika Niermann und Ingrid Cloppenburg freuen sich \u00fcber die vierte Ausstellung der K\u00fcnstlerin im Ludmillenhof.<\/p><\/div>\n<div id=\"attachment_25534\" style=\"width: 310px\" class=\"wp-caption alignnone\"><a href=\"https:\/\/www.forum-soegel.de\/information\/2018\/12\/un-ruhe-bilder-im-soegeler-rathaus\/un-ruhe-bilder-im-soegeler-rathaus-2\/\" rel=\"attachment wp-att-25534\"><img loading=\"lazy\" decoding=\"async\" aria-describedby=\"caption-attachment-25534\" class=\"wp-image-25534 size-medium\" src=\"https:\/\/www.forum-soegel.de\/information\/wp-content\/uploads\/2018\/12\/Un-Ruhe-Bilder-im-S\u00f6geler-Rathaus-2-300x200.jpg\" alt=\"\" width=\"300\" height=\"200\" srcset=\"https:\/\/www.forum-soegel.de\/information\/wp-content\/uploads\/2018\/12\/Un-Ruhe-Bilder-im-S\u00f6geler-Rathaus-2-300x200.jpg 300w, https:\/\/www.forum-soegel.de\/information\/wp-content\/uploads\/2018\/12\/Un-Ruhe-Bilder-im-S\u00f6geler-Rathaus-2-768x512.jpg 768w, https:\/\/www.forum-soegel.de\/information\/wp-content\/uploads\/2018\/12\/Un-Ruhe-Bilder-im-S\u00f6geler-Rathaus-2.jpg 1024w\" sizes=\"auto, (max-width: 300px) 100vw, 300px\" \/><\/a><p id=\"caption-attachment-25534\" class=\"wp-caption-text\">Hanna Cloppenburg (v.l.) und Sabine Kluge untermalten musikalisch die Ausstellungser\u00f6ffnung.<\/p><\/div>\n","protected":false},"excerpt":{"rendered":"S\u00f6gel &#8211; Bereits zum vierten Mal stellt die freischaffende K\u00fcnstlerin Prof. Dr. M. Monika Niermann ihre Werke im Ludmillenhof der Gemeinde S\u00f6gel aus. Unter dem Titel \u201eUn-Ruhe-Bilder\u201c zeigt sie 42 Gem\u00e4lde, die sich widerspr\u00fcchlich gegen\u00fcberstehen. \u201eIch habe bewusst kein Konzept f\u00fcr diese Ausstellung gew\u00e4hlt. Die Bilder sind ein Spiegelbild meiner selbst. Sie reflektieren, was mich [&hellip;]\n","protected":false},"author":2,"featured_media":0,"comment_status":"closed","ping_status":"closed","sticky":false,"template":"","format":"standard","meta":{"ngg_post_thumbnail":0,"footnotes":""},"categories":[3],"tags":[],"class_list":["post-25531","post","type-post","status-publish","format-standard","hentry","category-aktuelles-aus-der-region"],"_links":{"self":[{"href":"https:\/\/www.forum-soegel.de\/information\/wp-json\/wp\/v2\/posts\/25531","targetHints":{"allow":["GET"]}}],"collection":[{"href":"https:\/\/www.forum-soegel.de\/information\/wp-json\/wp\/v2\/posts"}],"about":[{"href":"https:\/\/www.forum-soegel.de\/information\/wp-json\/wp\/v2\/types\/post"}],"author":[{"embeddable":true,"href":"https:\/\/www.forum-soegel.de\/information\/wp-json\/wp\/v2\/users\/2"}],"replies":[{"embeddable":true,"href":"https:\/\/www.forum-soegel.de\/information\/wp-json\/wp\/v2\/comments?post=25531"}],"version-history":[{"count":2,"href":"https:\/\/www.forum-soegel.de\/information\/wp-json\/wp\/v2\/posts\/25531\/revisions"}],"predecessor-version":[{"id":25536,"href":"https:\/\/www.forum-soegel.de\/information\/wp-json\/wp\/v2\/posts\/25531\/revisions\/25536"}],"wp:attachment":[{"href":"https:\/\/www.forum-soegel.de\/information\/wp-json\/wp\/v2\/media?parent=25531"}],"wp:term":[{"taxonomy":"category","embeddable":true,"href":"https:\/\/www.forum-soegel.de\/information\/wp-json\/wp\/v2\/categories?post=25531"},{"taxonomy":"post_tag","embeddable":true,"href":"https:\/\/www.forum-soegel.de\/information\/wp-json\/wp\/v2\/tags?post=25531"}],"curies":[{"name":"wp","href":"https:\/\/api.w.org\/{rel}","templated":true}]}}