{"id":25522,"date":"2018-12-21T19:24:47","date_gmt":"2018-12-21T18:24:47","guid":{"rendered":"https:\/\/www.forum-soegel.de\/information\/?p=25522"},"modified":"2018-12-21T19:24:47","modified_gmt":"2018-12-21T18:24:47","slug":"st-martin-leuchtet-fuer-alle","status":"publish","type":"post","link":"https:\/\/www.forum-soegel.de\/information\/2018\/12\/st-martin-leuchtet-fuer-alle\/","title":{"rendered":"St. Martin leuchtet f\u00fcr alle"},"content":{"rendered":"<p>H\u00fcmmling -\u201eLaterne, Laterne \u2026\u201c und \u201eSankt Martin war ein guter Mann\u201c \u2013 so schallt es diese Tage aus unz\u00e4hligen Kinderm\u00fcndern. Am 11.\u00a0November\u00a0wird wieder St.- Martin gefeiert. \u00a0Vielerorts finden Laternenumz\u00fcge zu seinem Gedenken statt. Licht und Teilen spielt eine gro\u00dfe Rolle bei diesem Fest. Auch die Mitarbeiter des Malteser Men\u00fcservices m\u00f6chten zu St. Martin Freude teilen und bringen am Sonntag mit dem warmen Mittagsmen\u00fc den Seniorinnen und\u00a0 Senioren ein kleines Licht. Die Malteser m\u00f6chten f\u00fcr einen kurzen Moment Abwechslung in den Alltag bringen: durch Licht und Freude.<br \/>\nAuf insgesamt vier Touren bringen Mitarbeiter der Malteser an 365 Tagen frisch zubereitete Men\u00fcs aus dem Raphael Stift Werlte zu den Kunden auf dem H\u00fcmmling (Samtgemeinde S\u00f6gel\/Werlte\/Teile Nordh\u00fcmmling). Selbstverst\u00e4ndlich wird auch an Sonn- und Feiertagen geliefert. Deshalb ist den Maltesern wichtig, dass an christliche Feste erinnert wird und diese von den Senioren wahrgenommen werden, die oft ihr eigenes Zuhause nicht verlassen k\u00f6nnen, so die Diensteleitung Hannelore Kathmann.<br \/>\nRita Hagenhoff steht als\u00a0 Dienststellenleitung voll hinter diesem Dienst, der schon mehr als 20 Jahre in H\u00e4nden der Hilfsorganisation liegt. \u201eDer Men\u00fcservice ist in dieser l\u00e4ndlichen Gegend oft eine wahre Herausforderung. \u00a0Viele Kunden liegen au\u00dferhalb und wir m\u00fcssen weite Anfahrten in Kauf nehmen. Der Slogan \u201eMalteser &#8211; weil N\u00e4he z\u00e4hlt\u201c\u00a0 soll aber nicht nur ein leerer Satz sein, sondern wir wollen es auch mit Leben f\u00fcllen.\u201c<br \/>\nKontakt: Malteser H\u00fcmmling, Ulmenstra\u00dfe 8, 49751 S\u00f6gel, Dienstleitung Hannelore Kathmann, 05952-9120.<\/p>\n<p>Text\/Foto: Malteser<\/p>\n<div id=\"attachment_25523\" style=\"width: 310px\" class=\"wp-caption alignnone\"><a href=\"https:\/\/www.forum-soegel.de\/information\/2018\/12\/st-martin-leuchtet-fuer-alle\/st-martin-leuchtet-fuer-alle\/\" rel=\"attachment wp-att-25523\"><img loading=\"lazy\" decoding=\"async\" aria-describedby=\"caption-attachment-25523\" class=\"size-medium wp-image-25523\" src=\"https:\/\/www.forum-soegel.de\/information\/wp-content\/uploads\/2018\/12\/St.-Martin-leuchtet-f\u00fcr-alle-300x209.jpg\" alt=\"\" width=\"300\" height=\"209\" srcset=\"https:\/\/www.forum-soegel.de\/information\/wp-content\/uploads\/2018\/12\/St.-Martin-leuchtet-f\u00fcr-alle-300x209.jpg 300w, https:\/\/www.forum-soegel.de\/information\/wp-content\/uploads\/2018\/12\/St.-Martin-leuchtet-f\u00fcr-alle-768x536.jpg 768w, https:\/\/www.forum-soegel.de\/information\/wp-content\/uploads\/2018\/12\/St.-Martin-leuchtet-f\u00fcr-alle.jpg 1024w\" sizes=\"auto, (max-width: 300px) 100vw, 300px\" \/><\/a><p id=\"caption-attachment-25523\" class=\"wp-caption-text\">Das Team der Malteser bringt t\u00e4glich warmes Essen zu Senioren und Seniorinnen ins Haus. Zum Martinsfest soll ein warmes Licht an das christliche Fest erinnern.<\/p><\/div>\n","protected":false},"excerpt":{"rendered":"H\u00fcmmling -\u201eLaterne, Laterne \u2026\u201c und \u201eSankt Martin war ein guter Mann\u201c \u2013 so schallt es diese Tage aus unz\u00e4hligen Kinderm\u00fcndern. Am 11.\u00a0November\u00a0wird wieder St.- Martin gefeiert. \u00a0Vielerorts finden Laternenumz\u00fcge zu seinem Gedenken statt. Licht und Teilen spielt eine gro\u00dfe Rolle bei diesem Fest. Auch die Mitarbeiter des Malteser Men\u00fcservices m\u00f6chten zu St. Martin Freude teilen [&hellip;]\n","protected":false},"author":2,"featured_media":0,"comment_status":"closed","ping_status":"closed","sticky":false,"template":"","format":"standard","meta":{"ngg_post_thumbnail":0,"footnotes":""},"categories":[3],"tags":[],"class_list":["post-25522","post","type-post","status-publish","format-standard","hentry","category-aktuelles-aus-der-region"],"_links":{"self":[{"href":"https:\/\/www.forum-soegel.de\/information\/wp-json\/wp\/v2\/posts\/25522","targetHints":{"allow":["GET"]}}],"collection":[{"href":"https:\/\/www.forum-soegel.de\/information\/wp-json\/wp\/v2\/posts"}],"about":[{"href":"https:\/\/www.forum-soegel.de\/information\/wp-json\/wp\/v2\/types\/post"}],"author":[{"embeddable":true,"href":"https:\/\/www.forum-soegel.de\/information\/wp-json\/wp\/v2\/users\/2"}],"replies":[{"embeddable":true,"href":"https:\/\/www.forum-soegel.de\/information\/wp-json\/wp\/v2\/comments?post=25522"}],"version-history":[{"count":2,"href":"https:\/\/www.forum-soegel.de\/information\/wp-json\/wp\/v2\/posts\/25522\/revisions"}],"predecessor-version":[{"id":25525,"href":"https:\/\/www.forum-soegel.de\/information\/wp-json\/wp\/v2\/posts\/25522\/revisions\/25525"}],"wp:attachment":[{"href":"https:\/\/www.forum-soegel.de\/information\/wp-json\/wp\/v2\/media?parent=25522"}],"wp:term":[{"taxonomy":"category","embeddable":true,"href":"https:\/\/www.forum-soegel.de\/information\/wp-json\/wp\/v2\/categories?post=25522"},{"taxonomy":"post_tag","embeddable":true,"href":"https:\/\/www.forum-soegel.de\/information\/wp-json\/wp\/v2\/tags?post=25522"}],"curies":[{"name":"wp","href":"https:\/\/api.w.org\/{rel}","templated":true}]}}