{"id":25518,"date":"2018-12-21T19:23:44","date_gmt":"2018-12-21T18:23:44","guid":{"rendered":"https:\/\/www.forum-soegel.de\/information\/?p=25518"},"modified":"2018-12-21T19:23:44","modified_gmt":"2018-12-21T18:23:44","slug":"erstaunliches-sportliches-netzwerk-mit-sitz-in-soegel","status":"publish","type":"post","link":"https:\/\/www.forum-soegel.de\/information\/2018\/12\/erstaunliches-sportliches-netzwerk-mit-sitz-in-soegel\/","title":{"rendered":"Erstaunliches, sportliches Netzwerk mit Sitz in S\u00f6gel"},"content":{"rendered":"<p>S\u00f6gel. Die SPD-Fraktion der Gemeinde S\u00f6gel informierte sich auf Einladung des Kreissportbundes Emsland (KSB) in der Kreissportschule \u00fcber die vielf\u00e4ltigen sportlichen Angebote in unserer Region.<\/p>\n<p>\u201eWir k\u00f6nnen stolz sein, dass wir eine Institution, wie den KSB Emsland, in unserer Gemeinde haben\u201c, erkl\u00e4rt der Fraktionsvorsitzende Anno Immenga w\u00e4hrend des Besuches in der Kreissportschule in S\u00f6gel. Das Engagement der hauptamtlichen und ehrenamtlichen Mitarbeiter verdient gro\u00dfe Anerkennung, denn der KSB koordiniert in einem der gr\u00f6\u00dften Kreisen ein gro\u00dfes vielf\u00e4ltiges sportliches Angebot. Fast 114.000 Menschen treiben in aktuell 344 Vereinen regelm\u00e4\u00dfig Sport. Michael Koop, der Pr\u00e4sident des KSB, und Willi Fenslage, zust\u00e4ndig f\u00fcr den Bereich Aus- und Fortbildung beim KSB, zeigten den G\u00e4sten die Arbeit an der Sportschule in S\u00f6gel auf. Die Fort- und Weiterbildung, die Unterst\u00fctzung der \u00f6rtlichen Vereine und die Vertretung der Interessen der Sporttreibende sind, nach Angaben von Michael Koop, die Hauptaufgaben des Sportbundes innerhalb des Landkreises Emsland aber auch auf Landes- und Bundesebene. \u201eTrotzdem stellen wir immer wieder fest, dass in der Bev\u00f6lkerung aber auch bei den Vereinen, unsere Arbeit nahezu unbekannt ist und das ist schade\u201c stellt der Pr\u00e4sident des KSB fest. Besonders stolz sei man auf die verschiedenen Projekte, wie das Inklusionsprojekt \u201eInduS\u201c zeigen die positive Entwicklung im Bereich Inklusion durch Sport im Emsland. Die SPD-Fraktion zeigte sich vom bisher Erreichten sehr beeindruckt und sagte ihre Unterst\u00fctzung bei der weiteren Arbeit zu.<\/p>\n<p>Foto: Kreissportbund Emsland e.V.:<\/p>\n<p>Text: Thomas Kla\u00df<\/p>\n<div id=\"attachment_25519\" style=\"width: 310px\" class=\"wp-caption alignnone\"><a href=\"https:\/\/www.forum-soegel.de\/information\/2018\/12\/erstaunliches-sportliches-netzwerk-mit-sitz-in-soegel\/spd-besucht-ksb-in-soegel\/\" rel=\"attachment wp-att-25519\"><img loading=\"lazy\" decoding=\"async\" aria-describedby=\"caption-attachment-25519\" class=\"size-medium wp-image-25519\" src=\"https:\/\/www.forum-soegel.de\/information\/wp-content\/uploads\/2018\/12\/SPD-besucht-KSB-in-S\u00f6gel-300x225.jpg\" alt=\"\" width=\"300\" height=\"225\" srcset=\"https:\/\/www.forum-soegel.de\/information\/wp-content\/uploads\/2018\/12\/SPD-besucht-KSB-in-S\u00f6gel-300x225.jpg 300w, https:\/\/www.forum-soegel.de\/information\/wp-content\/uploads\/2018\/12\/SPD-besucht-KSB-in-S\u00f6gel-768x576.jpg 768w, https:\/\/www.forum-soegel.de\/information\/wp-content\/uploads\/2018\/12\/SPD-besucht-KSB-in-S\u00f6gel.jpg 1024w\" sizes=\"auto, (max-width: 300px) 100vw, 300px\" \/><\/a><p id=\"caption-attachment-25519\" class=\"wp-caption-text\">Informierten sich Im Haus der Sportes in S\u00f6gel \u00fcber die vielf\u00e4ltigen Angebote des KSB: (v.lks.) Willi Fenslage, Lars Bollmann, Ralf Schr\u00f6der, Thomas Kla\u00df, Elena Romanenko, Michael Koop, Anno Immenga<\/p><\/div>\n","protected":false},"excerpt":{"rendered":"S\u00f6gel. Die SPD-Fraktion der Gemeinde S\u00f6gel informierte sich auf Einladung des Kreissportbundes Emsland (KSB) in der Kreissportschule \u00fcber die vielf\u00e4ltigen sportlichen Angebote in unserer Region. \u201eWir k\u00f6nnen stolz sein, dass wir eine Institution, wie den KSB Emsland, in unserer Gemeinde haben\u201c, erkl\u00e4rt der Fraktionsvorsitzende Anno Immenga w\u00e4hrend des Besuches in der Kreissportschule in S\u00f6gel. Das [&hellip;]\n","protected":false},"author":2,"featured_media":0,"comment_status":"closed","ping_status":"closed","sticky":false,"template":"","format":"standard","meta":{"ngg_post_thumbnail":0,"footnotes":""},"categories":[3],"tags":[],"class_list":["post-25518","post","type-post","status-publish","format-standard","hentry","category-aktuelles-aus-der-region"],"_links":{"self":[{"href":"https:\/\/www.forum-soegel.de\/information\/wp-json\/wp\/v2\/posts\/25518","targetHints":{"allow":["GET"]}}],"collection":[{"href":"https:\/\/www.forum-soegel.de\/information\/wp-json\/wp\/v2\/posts"}],"about":[{"href":"https:\/\/www.forum-soegel.de\/information\/wp-json\/wp\/v2\/types\/post"}],"author":[{"embeddable":true,"href":"https:\/\/www.forum-soegel.de\/information\/wp-json\/wp\/v2\/users\/2"}],"replies":[{"embeddable":true,"href":"https:\/\/www.forum-soegel.de\/information\/wp-json\/wp\/v2\/comments?post=25518"}],"version-history":[{"count":2,"href":"https:\/\/www.forum-soegel.de\/information\/wp-json\/wp\/v2\/posts\/25518\/revisions"}],"predecessor-version":[{"id":25521,"href":"https:\/\/www.forum-soegel.de\/information\/wp-json\/wp\/v2\/posts\/25518\/revisions\/25521"}],"wp:attachment":[{"href":"https:\/\/www.forum-soegel.de\/information\/wp-json\/wp\/v2\/media?parent=25518"}],"wp:term":[{"taxonomy":"category","embeddable":true,"href":"https:\/\/www.forum-soegel.de\/information\/wp-json\/wp\/v2\/categories?post=25518"},{"taxonomy":"post_tag","embeddable":true,"href":"https:\/\/www.forum-soegel.de\/information\/wp-json\/wp\/v2\/tags?post=25518"}],"curies":[{"name":"wp","href":"https:\/\/api.w.org\/{rel}","templated":true}]}}