{"id":25510,"date":"2018-12-21T19:19:36","date_gmt":"2018-12-21T18:19:36","guid":{"rendered":"https:\/\/www.forum-soegel.de\/information\/?p=25510"},"modified":"2018-12-21T19:19:36","modified_gmt":"2018-12-21T18:19:36","slug":"samtgemeinde-soegel-ehejubilaeen-in-2019","status":"publish","type":"post","link":"https:\/\/www.forum-soegel.de\/information\/2018\/12\/samtgemeinde-soegel-ehejubilaeen-in-2019\/","title":{"rendered":"Samtgemeinde S\u00f6gel: Ehejubil\u00e4en in 2019"},"content":{"rendered":"<p>S\u00f6gel &#8211; Alle B\u00fcrger der Samtgemeinde S\u00f6gel, die im kommenden Jahr ihr goldenes, diamantenes oder eisernes Ehejubil\u00e4um feiern und eine Ehrung durch die Gemeinde w\u00fcnschen, werden gebeten, sich bei den Mitgliedsgemeinden bzw. der<\/p>\n<p>Samtgemeinde S\u00f6gel (Telefon: 05952\/206-113) zu melden.<\/p>\n","protected":false},"excerpt":{"rendered":"S\u00f6gel &#8211; Alle B\u00fcrger der Samtgemeinde S\u00f6gel, die im kommenden Jahr ihr goldenes, diamantenes oder eisernes Ehejubil\u00e4um feiern und eine Ehrung durch die Gemeinde w\u00fcnschen, werden gebeten, sich bei den Mitgliedsgemeinden bzw. der Samtgemeinde S\u00f6gel (Telefon: 05952\/206-113) zu melden.\n","protected":false},"author":2,"featured_media":0,"comment_status":"closed","ping_status":"closed","sticky":false,"template":"","format":"standard","meta":{"ngg_post_thumbnail":0,"footnotes":""},"categories":[3],"tags":[],"class_list":["post-25510","post","type-post","status-publish","format-standard","hentry","category-aktuelles-aus-der-region"],"_links":{"self":[{"href":"https:\/\/www.forum-soegel.de\/information\/wp-json\/wp\/v2\/posts\/25510","targetHints":{"allow":["GET"]}}],"collection":[{"href":"https:\/\/www.forum-soegel.de\/information\/wp-json\/wp\/v2\/posts"}],"about":[{"href":"https:\/\/www.forum-soegel.de\/information\/wp-json\/wp\/v2\/types\/post"}],"author":[{"embeddable":true,"href":"https:\/\/www.forum-soegel.de\/information\/wp-json\/wp\/v2\/users\/2"}],"replies":[{"embeddable":true,"href":"https:\/\/www.forum-soegel.de\/information\/wp-json\/wp\/v2\/comments?post=25510"}],"version-history":[{"count":1,"href":"https:\/\/www.forum-soegel.de\/information\/wp-json\/wp\/v2\/posts\/25510\/revisions"}],"predecessor-version":[{"id":25511,"href":"https:\/\/www.forum-soegel.de\/information\/wp-json\/wp\/v2\/posts\/25510\/revisions\/25511"}],"wp:attachment":[{"href":"https:\/\/www.forum-soegel.de\/information\/wp-json\/wp\/v2\/media?parent=25510"}],"wp:term":[{"taxonomy":"category","embeddable":true,"href":"https:\/\/www.forum-soegel.de\/information\/wp-json\/wp\/v2\/categories?post=25510"},{"taxonomy":"post_tag","embeddable":true,"href":"https:\/\/www.forum-soegel.de\/information\/wp-json\/wp\/v2\/tags?post=25510"}],"curies":[{"name":"wp","href":"https:\/\/api.w.org\/{rel}","templated":true}]}}