{"id":25506,"date":"2018-12-21T19:18:59","date_gmt":"2018-12-21T18:18:59","guid":{"rendered":"https:\/\/www.forum-soegel.de\/information\/?p=25506"},"modified":"2018-12-21T19:18:59","modified_gmt":"2018-12-21T18:18:59","slug":"neuer-mannschaftstransportwagen-feierlich-uebergeben","status":"publish","type":"post","link":"https:\/\/www.forum-soegel.de\/information\/2018\/12\/neuer-mannschaftstransportwagen-feierlich-uebergeben\/","title":{"rendered":"Neuer Mannschaftstransportwagen feierlich \u00fcbergeben"},"content":{"rendered":"<p>Klein Ber\u00dfen &#8211; Gro\u00dfe Zufriedenheit herrschte bei den Kameraden der Freiwilligen Feuerwehr (FF) Klein Ber\u00dfen anl\u00e4sslich der feierlichen \u00dcbergabe des neuen Mannschaftstransportwagens (MTW) durch die Samtgemeinde S\u00f6gel. Die Wehr verf\u00fcgt nunmehr \u00fcber drei moderne Einsatzfahrzeuge. Das Vorg\u00e4ngerfahrzeug entsprach nicht mehr den Anforderungen.<\/p>\n<p>\u201eWie wichtig schlagkr\u00e4ftige Feuerwehren sind, haben wir beim Moobrand auf der Wehrtechnischen Dienststelle (WTD) gesehen\u201c, sagte Samtgemeindeb\u00fcrgermeister G\u00fcnther Wigbers bei der Fahrzeug\u00fcbergabe und ging auf die Sorge der Bev\u00f6lkerung in Stavern vor einer eventuellen Evakuierung ein. Ebenso wie der Kreistagsabgeordnete und Gro\u00df Ber\u00dfener B\u00fcrgermeister Reinhard Kurlemann lobte Wigbers die hohe Leistungsf\u00e4higkeit der Wehren. Kritisch \u00e4u\u00dferte sich der Kreistagsabgeordnete zur \u201eStrategie\u201c der Bundeswehrverantwortlichen bei der Brandbek\u00e4mpfung im Moorgel\u00e4nde. Kurlemann \u00fcberbrachte die Gl\u00fcckw\u00fcnsche des Landkreises und der zum L\u00f6schbezirk geh\u00f6renden Gemeinden Klein Ber\u00dfen, Gro\u00df Ber\u00dfen und Stavern zum neuen MTW, dessen Beschaffung vom Landkreis Emsland bezuschusst worden sei.<\/p>\n<p>Ortsbrandmeister Michael Wolken brachte in seiner Ansprache zum Ausdruck, dass die Samtgemeinde S\u00f6gel als Tr\u00e4ger der Feuerwehr mit einem Kostenaufwand von 40 000 Euro ein bedarfsgerechtes Fahrzeug beschafft habe. Um im finanziellen Rahmen zu bleiben, seien die Innenausbauma\u00dfnahmen am Kofferraum in Eigenleistung erfolgt. Der VW T 6 mit langem Radstand sei neben der feuerwehrtechnischen Best\u00fcckung auch mit einer Besprechungseinheit und einer Anh\u00e4ngerkupplung ausgestattet worden. Gemeindebrandmeister Heinz L\u00fcckenjans erg\u00e4nzte, dass der Mannschaftstransportwagen nicht nur zu Einsatzzwecken diene, sondern auch f\u00fcr Fahrten zu Besprechungen und Lehrg\u00e4ngen und Materialwechsel vorgesehen sei. Die Samtgemeinde habe in der letzten Zeit j\u00e4hrlich ein Fahrzeug beschafft. Weitere Ersatzbeschaffungen st\u00fcnden in den kommenden Jahren in S\u00f6gel (Hilfeleistungsl\u00f6schfahrzeug und Drehleiter) und Spahnharrenst\u00e4tte (L\u00f6schgruppenfahrzeug) an.<\/p>\n<p>F\u00fcr die Kreisfeuerwehr und den Kreisfeuerwehrverband Aschendorf-H\u00fcmmling gratulierte Gesch\u00e4ftsf\u00fchrer Lambert Brand der Feuerwehr Ber\u00dfen zu der nunmehr bedarfsgerechten modernen Ausstattung. Bei dem Moorbrandeinsatz h\u00e4tten die Kreisfeuerwehrbereitschaften von den Ortskenntnissen der Ber\u00dfener Feuerwehrleute profitiert.<\/p>\n<p>Pfarrer Bernhard Horstmann wies auf die Wichtigkeit der ehrenamtlichen Feuerwehrarbeit hin. Der kirchliche Segen f\u00fcr das neue Fahrzeug gelte den Feuerwehrleuten, damit sie heil von den Einsatz- und \u00dcbungsdienst zur\u00fcckkehrten. Samtgemeindeb\u00fcrgermeister G\u00fcnther Wigbers nutzte die Feierstunde, Ortsbrandmeister Michael Wolken zur dritten Wiederwahl als Ortsbrandmeister zu gratulieren und h\u00e4ndigte die Ernennungsurkunde aus.<\/p>\n<p>Text\/Foto: LB<\/p>\n<div id=\"attachment_25507\" style=\"width: 310px\" class=\"wp-caption alignnone\"><a href=\"https:\/\/www.forum-soegel.de\/information\/2018\/12\/neuer-mannschaftstransportwagen-feierlich-uebergeben\/neuer-mannschaftstransportwagen-feierlich-uebergeben\/\" rel=\"attachment wp-att-25507\"><img loading=\"lazy\" decoding=\"async\" aria-describedby=\"caption-attachment-25507\" class=\"size-medium wp-image-25507\" src=\"https:\/\/www.forum-soegel.de\/information\/wp-content\/uploads\/2018\/12\/Neuer-Mannschaftstransportwagen-feierlich-\u00fcbergeben-300x120.jpg\" alt=\"\" width=\"300\" height=\"120\" srcset=\"https:\/\/www.forum-soegel.de\/information\/wp-content\/uploads\/2018\/12\/Neuer-Mannschaftstransportwagen-feierlich-\u00fcbergeben-300x120.jpg 300w, https:\/\/www.forum-soegel.de\/information\/wp-content\/uploads\/2018\/12\/Neuer-Mannschaftstransportwagen-feierlich-\u00fcbergeben-768x307.jpg 768w, https:\/\/www.forum-soegel.de\/information\/wp-content\/uploads\/2018\/12\/Neuer-Mannschaftstransportwagen-feierlich-\u00fcbergeben.jpg 1024w\" sizes=\"auto, (max-width: 300px) 100vw, 300px\" \/><\/a><p id=\"caption-attachment-25507\" class=\"wp-caption-text\">Im feierlichen Rahmen wurde der neue Mannschaftstransportwagen der Freiwilligen Feuerwehr Klein Ber\u00dfen geweiht und seiner Bestimmung \u00fcbergeben. Unser Foto zeigt das nagelneue Fahrzeug und die Mitglieder der Feuerwehr.<\/p><\/div>\n","protected":false},"excerpt":{"rendered":"Klein Ber\u00dfen &#8211; Gro\u00dfe Zufriedenheit herrschte bei den Kameraden der Freiwilligen Feuerwehr (FF) Klein Ber\u00dfen anl\u00e4sslich der feierlichen \u00dcbergabe des neuen Mannschaftstransportwagens (MTW) durch die Samtgemeinde S\u00f6gel. Die Wehr verf\u00fcgt nunmehr \u00fcber drei moderne Einsatzfahrzeuge. Das Vorg\u00e4ngerfahrzeug entsprach nicht mehr den Anforderungen. \u201eWie wichtig schlagkr\u00e4ftige Feuerwehren sind, haben wir beim Moobrand auf der Wehrtechnischen Dienststelle [&hellip;]\n","protected":false},"author":2,"featured_media":0,"comment_status":"closed","ping_status":"closed","sticky":false,"template":"","format":"standard","meta":{"ngg_post_thumbnail":0,"footnotes":""},"categories":[3],"tags":[],"class_list":["post-25506","post","type-post","status-publish","format-standard","hentry","category-aktuelles-aus-der-region"],"_links":{"self":[{"href":"https:\/\/www.forum-soegel.de\/information\/wp-json\/wp\/v2\/posts\/25506","targetHints":{"allow":["GET"]}}],"collection":[{"href":"https:\/\/www.forum-soegel.de\/information\/wp-json\/wp\/v2\/posts"}],"about":[{"href":"https:\/\/www.forum-soegel.de\/information\/wp-json\/wp\/v2\/types\/post"}],"author":[{"embeddable":true,"href":"https:\/\/www.forum-soegel.de\/information\/wp-json\/wp\/v2\/users\/2"}],"replies":[{"embeddable":true,"href":"https:\/\/www.forum-soegel.de\/information\/wp-json\/wp\/v2\/comments?post=25506"}],"version-history":[{"count":2,"href":"https:\/\/www.forum-soegel.de\/information\/wp-json\/wp\/v2\/posts\/25506\/revisions"}],"predecessor-version":[{"id":25509,"href":"https:\/\/www.forum-soegel.de\/information\/wp-json\/wp\/v2\/posts\/25506\/revisions\/25509"}],"wp:attachment":[{"href":"https:\/\/www.forum-soegel.de\/information\/wp-json\/wp\/v2\/media?parent=25506"}],"wp:term":[{"taxonomy":"category","embeddable":true,"href":"https:\/\/www.forum-soegel.de\/information\/wp-json\/wp\/v2\/categories?post=25506"},{"taxonomy":"post_tag","embeddable":true,"href":"https:\/\/www.forum-soegel.de\/information\/wp-json\/wp\/v2\/tags?post=25506"}],"curies":[{"name":"wp","href":"https:\/\/api.w.org\/{rel}","templated":true}]}}