{"id":25502,"date":"2018-12-21T19:17:27","date_gmt":"2018-12-21T18:17:27","guid":{"rendered":"https:\/\/www.forum-soegel.de\/information\/?p=25502"},"modified":"2018-12-21T19:17:27","modified_gmt":"2018-12-21T18:17:27","slug":"mitgliederversammlung-der-keb","status":"publish","type":"post","link":"https:\/\/www.forum-soegel.de\/information\/2018\/12\/mitgliederversammlung-der-keb\/","title":{"rendered":"Mitgliederversammlung der KEB"},"content":{"rendered":"<p>S\u00f6gel &#8211; Die Katholische Erwachsenenbildung Aschendorf-H\u00fcmmling e.V. (KEB) blickt auf ein erfolgreiches Jahr 2017 mit 349 Veranstaltungen und 8 881 Unterrichtsstunden zur\u00fcck. Das berichtete die stellvertretende Vorsitzende Regina Heldermann-Wempe anl\u00e4sslich der Mitgliederversammlung.<\/p>\n<p>Heldermann-Wempe begr\u00fc\u00dfte in Vertretung f\u00fcr den verhinderten Vorsitzenden Franz Klawitter besonders auch die Kooperationspartner und die \u00f6rtlichen Leiter und sagte zu Beginn ihres Jahresberichtes: \u201eF\u00fcr die KEB war 2017 ein gutes und stabiles Jahr\u201c. Man habe im Rahmen von 349 Veranstaltungen in 37 Orten 8 881 Unterrichtstunden abgehalten, die zweith\u00f6chste Zahl in den letzten f\u00fcnf Jahren. An dieser Leistung seien nicht nur die Gesch\u00e4ftsstelle in S\u00f6gel, sondern auch die \u00f6rtlichen Mitarbeiter beteiligt gewesen.<\/p>\n<p>Zu den Programmschwerpunkten geh\u00f6rten unter anderem ein Qualifizierungskurs f\u00fcr DUO-Seniorenbegleiter in Lathen, zwei Hospizhelferausbildungskurse mit den S\u00f6geler und Papenburger Hospizvereinen sowie vier Veranstaltungen in der Reihe \u201ePraxis Ehrenamt\u201c f\u00fcr Engagierte in der Fl\u00fcchtlingsarbeit.\u00a0 Aber auch Kursthemen wie \u201eWas sagt uns die Bibel?\u201c, Tagesmutter-\/V\u00e4terqualifizierung, Gesundheitspr\u00e4vention und Zertifikatslehrg\u00e4nge zum Office-Manager fanden regen Anklang. Ein langj\u00e4hriger Schwerpunkt der KEB, die Eltern-Kind-Gruppenarbeit nimmt mit der Aufgaben\u00fcbernahme durch die neue Leiterin Kerstin Pl\u00fcster wieder einen hohen Stellenwert ein. Der Bedarf an Sprachkursen f\u00fcr Fl\u00fcchtlinge sei zur\u00fcckgegangen.<\/p>\n<p>Gesch\u00e4ftsf\u00fchrer und P\u00e4dagogischer Leiter Stefan Varel erg\u00e4nzte den Bericht mit weiteren statistischen und betriebswirtschaftlichen Daten.<\/p>\n<p>Die KEB stehe dank der guten Auslastung auf gesunden F\u00fc\u00dfen, war sein Fazit. Dies konnte Hermann Grotjohann, der zusammen mit Erhard Dopp die Finanzen des Vereins gepr\u00fcft hatte, best\u00e4tigen. Besonders erfreulich und eine Anerkennung der Arbeit sei die Entscheidung, dass die KEB Gesch\u00e4ftsstelle S\u00f6gel erhalten bliebe, obwohl die Zahl der Einrichtungen landesweit von 16 auf zehn reduziert worden sei. Nach Angaben von Gesch\u00e4ftsf\u00fchrers Varel fanden auf Landesebene Gespr\u00e4che aller Landeseinrichtungen mit dem Finanzminister statt, um die finanzielle Unterst\u00fctzung bedarfsgerecht zu verbessern. Es w\u00fcrden weitere Gespr\u00e4ch stattfinden, unter anderem mit dem Landtagsvizepr\u00e4sidenten Bernd Busemann.<\/p>\n<p>Bei den Neuwahlen wurden der Vorsitzende Franz Klawitter, sein Stellvertreterin Regina Heldermann-Wempe (Hilkenbrook), sowie die Beisitzerinnen Hedwig Scheumann (Esterwegen) und Maria Kossenjans (Surwold) wiedergew\u00e4hlt. F\u00fcr die ausscheidenden Vorstandsmitglieder Maria Munk und Annette Hebbelmann-Schulte wurden Margret Krange (Aschendorf) und Lambert Brand (S\u00f6gel) gew\u00e4hlt. Gesch\u00e4ftsf\u00fchrer Stefan Varel sowie der Geistliche Begleiter und Dekanatsvertreter Pater Josef Danne komplettieren den Vorstand.<\/p>\n<p>Mit seinem Impulsvortrag unter der \u00dcberschrift \u201eDigitalisierung! Jetzt!\u201c sorgte der Referent Sebastian Drees von der Sparkasse Emsland f\u00fcr Erstaunen. Der unter anderem f\u00fcr das Projekt Digitalisierung verantwortliche Bereichsleiter machte deutlich, dass die Digitalisierung nicht nur in der Wirtschaft, sondern sich auch im Privaten mit Riesenschritten weiterentwickele: \u201eDigitalisierung ist nicht Zukunft,<\/p>\n<p>sondern Gegenwart\u201c. Gro\u00dfe Unternehmen wie Nokia und Kodak, die \u00fcber Jahrzehnte hinweg \u201eihren Markt beherrscht\u201c h\u00e4tten, spielten keine Rolle mehr, bzw., existierten nicht mehr. Sie seien von anderen Unternehmen wie Apple oder Instagram verdr\u00e4ngt worden. Sie h\u00e4tten die Anpassung an die \u201edigitale Transformation\u201c verpasst oder nicht ernst genommen und deshalb verdr\u00e4ngt worden. Das nenne man Disruption.<\/p>\n<p>Der B\u00f6rsenwert der vier digitalen Vorreiter Apple, Google, Facebook und Amazon sei gr\u00f6\u00dfer als der aller deutschen DAX 30 Unternehmen.<\/p>\n<p>Referent Drees nahm den Zuh\u00f6rern in der anschlie\u00dfenden Diskussion die Angst, dass \u201ealles digitalisiert\u201c werde. Der pers\u00f6nliche Kontakt unter den Menschen werde immer von gro\u00dfer Bedeutung sein und k\u00f6nne nicht von den sozialen Medien ersetzt werden. Es werde auch weiterhin m\u00f6glich sein, vor Ort einzukaufen und in den Kreditinstituten mit dem Berater zu sprechen.<\/p>\n<p>Text\/Foto: LB<\/p>\n<div id=\"attachment_25503\" style=\"width: 236px\" class=\"wp-caption alignnone\"><a href=\"https:\/\/www.forum-soegel.de\/information\/2018\/12\/mitgliederversammlung-der-keb\/mitgliederversammlung-der-keb\/\" rel=\"attachment wp-att-25503\"><img loading=\"lazy\" decoding=\"async\" aria-describedby=\"caption-attachment-25503\" class=\"size-medium wp-image-25503\" src=\"https:\/\/www.forum-soegel.de\/information\/wp-content\/uploads\/2018\/12\/Mitgliederversammlung-der-KEB-226x300.jpg\" alt=\"\" width=\"226\" height=\"300\" srcset=\"https:\/\/www.forum-soegel.de\/information\/wp-content\/uploads\/2018\/12\/Mitgliederversammlung-der-KEB-226x300.jpg 226w, https:\/\/www.forum-soegel.de\/information\/wp-content\/uploads\/2018\/12\/Mitgliederversammlung-der-KEB.jpg 579w\" sizes=\"auto, (max-width: 226px) 100vw, 226px\" \/><\/a><p id=\"caption-attachment-25503\" class=\"wp-caption-text\">Mit dem sogenannten \u201eKEB-Schirm\u201c bedankte sich Gesch\u00e4ftsf\u00fchrer Stefan Varel (rechts) beim Digitalisierungsexperten und Referenten Sebastian Drees. Foto: Brand<\/p><\/div>\n","protected":false},"excerpt":{"rendered":"S\u00f6gel &#8211; Die Katholische Erwachsenenbildung Aschendorf-H\u00fcmmling e.V. (KEB) blickt auf ein erfolgreiches Jahr 2017 mit 349 Veranstaltungen und 8 881 Unterrichtsstunden zur\u00fcck. Das berichtete die stellvertretende Vorsitzende Regina Heldermann-Wempe anl\u00e4sslich der Mitgliederversammlung. Heldermann-Wempe begr\u00fc\u00dfte in Vertretung f\u00fcr den verhinderten Vorsitzenden Franz Klawitter besonders auch die Kooperationspartner und die \u00f6rtlichen Leiter und sagte zu Beginn ihres [&hellip;]\n","protected":false},"author":2,"featured_media":0,"comment_status":"closed","ping_status":"closed","sticky":false,"template":"","format":"standard","meta":{"ngg_post_thumbnail":0,"footnotes":""},"categories":[3],"tags":[],"class_list":["post-25502","post","type-post","status-publish","format-standard","hentry","category-aktuelles-aus-der-region"],"_links":{"self":[{"href":"https:\/\/www.forum-soegel.de\/information\/wp-json\/wp\/v2\/posts\/25502","targetHints":{"allow":["GET"]}}],"collection":[{"href":"https:\/\/www.forum-soegel.de\/information\/wp-json\/wp\/v2\/posts"}],"about":[{"href":"https:\/\/www.forum-soegel.de\/information\/wp-json\/wp\/v2\/types\/post"}],"author":[{"embeddable":true,"href":"https:\/\/www.forum-soegel.de\/information\/wp-json\/wp\/v2\/users\/2"}],"replies":[{"embeddable":true,"href":"https:\/\/www.forum-soegel.de\/information\/wp-json\/wp\/v2\/comments?post=25502"}],"version-history":[{"count":2,"href":"https:\/\/www.forum-soegel.de\/information\/wp-json\/wp\/v2\/posts\/25502\/revisions"}],"predecessor-version":[{"id":25505,"href":"https:\/\/www.forum-soegel.de\/information\/wp-json\/wp\/v2\/posts\/25502\/revisions\/25505"}],"wp:attachment":[{"href":"https:\/\/www.forum-soegel.de\/information\/wp-json\/wp\/v2\/media?parent=25502"}],"wp:term":[{"taxonomy":"category","embeddable":true,"href":"https:\/\/www.forum-soegel.de\/information\/wp-json\/wp\/v2\/categories?post=25502"},{"taxonomy":"post_tag","embeddable":true,"href":"https:\/\/www.forum-soegel.de\/information\/wp-json\/wp\/v2\/tags?post=25502"}],"curies":[{"name":"wp","href":"https:\/\/api.w.org\/{rel}","templated":true}]}}