{"id":25494,"date":"2018-12-21T19:15:56","date_gmt":"2018-12-21T18:15:56","guid":{"rendered":"https:\/\/www.forum-soegel.de\/information\/?p=25494"},"modified":"2018-12-21T19:15:56","modified_gmt":"2018-12-21T18:15:56","slug":"man-muss-die-feste-feiern-wie-sie-fallen","status":"publish","type":"post","link":"https:\/\/www.forum-soegel.de\/information\/2018\/12\/man-muss-die-feste-feiern-wie-sie-fallen\/","title":{"rendered":"Man muss die Feste feiern \u2013 wie sie fallen"},"content":{"rendered":"<p>S\u00f6gel &#8211; Das Haus Simeon ist bekannt daf\u00fcr, was es den Bewohnerinnen und Bewohnern \u00fcber die reine Pflege hinaus bietet.<\/p>\n<p>So gab es auch in diesem Herbst wieder tolle Veranstaltungen.<\/p>\n<p>Da waren im September das Jahresfest, im Oktober das Erntedank \u2013 und das Oktoberfest.<\/p>\n<p>Das Jahresfest gestaltete sich musikalisch und programmlich traditionell.<\/p>\n<p>Es spielten die Trecksacksp\u00e4ler, f\u00fcr den unterhaltsamen Teil sorgte die Tanzgruppe.<\/p>\n<p>Vier Wochen sp\u00e4ter begleitete Pastor Matthias Voss von der Markuskirche gemeinsam mit Petra Macke von der Jakobuskirche mit einem \u00f6kumenischen Gottesdienst die Erntedankfeier im Haus Simeon.<\/p>\n<p>Auch hier ging es festlich und f\u00fcr die Seniorinnen und Senioren emotional ber\u00fchrend zu.<\/p>\n<p>Die dazugeh\u00f6rige musikalische Begleitung lieferten die Trecksacksp\u00e4ler und der M\u00e4nnergesangverein Harmonie.<\/p>\n<p>Selbstverst\u00e4ndlich entsprachen die instrumentalen und textlichen Liedbeitr\u00e4ge sowohl dem kirchlichen wie auch dem frohen, dankbaren Anlass.<\/p>\n<p>Am Sonntag, dem 21. Oktober veranstalteten die Heimmitarbeiter\/innen f\u00fcr die Bewohner das Oktoberfest.<\/p>\n<p>Selbstverst\u00e4ndlich\u00a0 gestalterisch in bayrischem Flair.<\/p>\n<p>Entsprechend hatte sich Heinz M\u00e4chler f\u00fcr seinen musikalischen Auftritt mit Lederhose und Hut gekleidet.<\/p>\n<p>Und so konnten neben vielen anderen Oktoberfest \u2013 Liedern die Bewohnerinnen und Bewohner mit einem Bier ansto\u00dfen \u2013 \u201eein Prosit, ein Prosit der Gem\u00fctlichkeit\u201c.<\/p>\n<p>Die n\u00e4chsten Feste sind nicht mehr weit.<\/p>\n<p>Am 1. Dezember werden die Bewohner zum Weihnachtsmarkt auf den Heimathof gebracht und am 05. Dezember findet im Haus Simeon die Nikolausfeier statt.<\/p>\n<p>Text\/Fotos Klaus Sch\u00e4ffner<\/p>\n<p><a href=\"https:\/\/www.forum-soegel.de\/information\/2018\/12\/man-muss-die-feste-feiern-wie-sie-fallen\/man-muss-die-feste-feiern-wie-sie-fallen-5\/\" rel=\"attachment wp-att-25495\"><img loading=\"lazy\" decoding=\"async\" class=\"alignnone size-thumbnail wp-image-25495\" src=\"https:\/\/www.forum-soegel.de\/information\/wp-content\/uploads\/2018\/12\/Man-muss-die-Feste-feiern-\u2013-wie-sie-fallen-5-150x150.jpg\" alt=\"\" width=\"150\" height=\"150\" \/><\/a> <a href=\"https:\/\/www.forum-soegel.de\/information\/2018\/12\/man-muss-die-feste-feiern-wie-sie-fallen\/man-muss-die-feste-feiern-wie-sie-fallen-1\/\" rel=\"attachment wp-att-25496\"><img loading=\"lazy\" decoding=\"async\" class=\"alignnone size-thumbnail wp-image-25496\" src=\"https:\/\/www.forum-soegel.de\/information\/wp-content\/uploads\/2018\/12\/Man-muss-die-Feste-feiern-\u2013-wie-sie-fallen-1-150x150.jpg\" alt=\"\" width=\"150\" height=\"150\" \/><\/a> <a href=\"https:\/\/www.forum-soegel.de\/information\/2018\/12\/man-muss-die-feste-feiern-wie-sie-fallen\/man-muss-die-feste-feiern-wie-sie-fallen-2\/\" rel=\"attachment wp-att-25497\"><img loading=\"lazy\" decoding=\"async\" class=\"alignnone size-thumbnail wp-image-25497\" src=\"https:\/\/www.forum-soegel.de\/information\/wp-content\/uploads\/2018\/12\/Man-muss-die-Feste-feiern-\u2013-wie-sie-fallen-2-150x150.jpg\" alt=\"\" width=\"150\" height=\"150\" \/><\/a><\/p>\n<p><a href=\"https:\/\/www.forum-soegel.de\/information\/2018\/12\/man-muss-die-feste-feiern-wie-sie-fallen\/man-muss-die-feste-feiern-wie-sie-fallen-3\/\" rel=\"attachment wp-att-25498\"><img loading=\"lazy\" decoding=\"async\" class=\"alignnone size-thumbnail wp-image-25498\" src=\"https:\/\/www.forum-soegel.de\/information\/wp-content\/uploads\/2018\/12\/Man-muss-die-Feste-feiern-\u2013-wie-sie-fallen-3-150x150.jpg\" alt=\"\" width=\"150\" height=\"150\" \/><\/a> <a href=\"https:\/\/www.forum-soegel.de\/information\/2018\/12\/man-muss-die-feste-feiern-wie-sie-fallen\/man-muss-die-feste-feiern-wie-sie-fallen-4\/\" rel=\"attachment wp-att-25499\"><img loading=\"lazy\" decoding=\"async\" class=\"alignnone size-thumbnail wp-image-25499\" src=\"https:\/\/www.forum-soegel.de\/information\/wp-content\/uploads\/2018\/12\/Man-muss-die-Feste-feiern-\u2013-wie-sie-fallen-4-150x150.jpg\" alt=\"\" width=\"150\" height=\"150\" \/><\/a><\/p>\n","protected":false},"excerpt":{"rendered":"S\u00f6gel &#8211; Das Haus Simeon ist bekannt daf\u00fcr, was es den Bewohnerinnen und Bewohnern \u00fcber die reine Pflege hinaus bietet. So gab es auch in diesem Herbst wieder tolle Veranstaltungen. Da waren im September das Jahresfest, im Oktober das Erntedank \u2013 und das Oktoberfest. Das Jahresfest gestaltete sich musikalisch und programmlich traditionell. Es spielten die [&hellip;]\n","protected":false},"author":2,"featured_media":0,"comment_status":"closed","ping_status":"closed","sticky":false,"template":"","format":"standard","meta":{"ngg_post_thumbnail":0,"footnotes":""},"categories":[3],"tags":[],"class_list":["post-25494","post","type-post","status-publish","format-standard","hentry","category-aktuelles-aus-der-region"],"_links":{"self":[{"href":"https:\/\/www.forum-soegel.de\/information\/wp-json\/wp\/v2\/posts\/25494","targetHints":{"allow":["GET"]}}],"collection":[{"href":"https:\/\/www.forum-soegel.de\/information\/wp-json\/wp\/v2\/posts"}],"about":[{"href":"https:\/\/www.forum-soegel.de\/information\/wp-json\/wp\/v2\/types\/post"}],"author":[{"embeddable":true,"href":"https:\/\/www.forum-soegel.de\/information\/wp-json\/wp\/v2\/users\/2"}],"replies":[{"embeddable":true,"href":"https:\/\/www.forum-soegel.de\/information\/wp-json\/wp\/v2\/comments?post=25494"}],"version-history":[{"count":2,"href":"https:\/\/www.forum-soegel.de\/information\/wp-json\/wp\/v2\/posts\/25494\/revisions"}],"predecessor-version":[{"id":25501,"href":"https:\/\/www.forum-soegel.de\/information\/wp-json\/wp\/v2\/posts\/25494\/revisions\/25501"}],"wp:attachment":[{"href":"https:\/\/www.forum-soegel.de\/information\/wp-json\/wp\/v2\/media?parent=25494"}],"wp:term":[{"taxonomy":"category","embeddable":true,"href":"https:\/\/www.forum-soegel.de\/information\/wp-json\/wp\/v2\/categories?post=25494"},{"taxonomy":"post_tag","embeddable":true,"href":"https:\/\/www.forum-soegel.de\/information\/wp-json\/wp\/v2\/tags?post=25494"}],"curies":[{"name":"wp","href":"https:\/\/api.w.org\/{rel}","templated":true}]}}