{"id":25489,"date":"2018-12-21T19:14:15","date_gmt":"2018-12-21T18:14:15","guid":{"rendered":"https:\/\/www.forum-soegel.de\/information\/?p=25489"},"modified":"2018-12-21T19:14:15","modified_gmt":"2018-12-21T18:14:15","slug":"im-hospiz-hat-das-zuhoeren-einen-hohen-stellenwert","status":"publish","type":"post","link":"https:\/\/www.forum-soegel.de\/information\/2018\/12\/im-hospiz-hat-das-zuhoeren-einen-hohen-stellenwert\/","title":{"rendered":"Im Hospiz hat das Zuh\u00f6ren einen hohen Stellenwert"},"content":{"rendered":"<p><strong>Benefizkonzert f\u00fcr den S\u00f6geler Hospiz Dienst<\/strong><\/p>\n<p>S\u00f6gel &#8211; Mit eigens einstudierten Liedern \u00fcber das Leben und den Tod, die Trauer und den Trost, aber auch \u00fcber die Hoffnung auf ein Wiedersehen hat die \u201eKirchenmusik an St. Jakobus\u201c sich jetzt f\u00fcr die Arbeit des Hospizvereins in S\u00f6gel stark gemacht und beim gut besuchten Benefizkonzert in der St. Jakobus Kirche f\u00fcr einen unvergessenen musikalischen Abend gesorgt. Dabei haben sich die Besucher des Konzertes nicht nur den wohlverdienten Applaus bis ganz zum Schluss aufgehoben, sondern auch ihre Unterst\u00fctzung f\u00fcr den Hospizdienst mit einer Spende von \u00fcber 1000,- Euro zum Ausdruck gebracht.<\/p>\n<p>So entstand in der von Kerzenschein erleuchteten Kirche eine beeindruckend-nachdenkliche Atmosph\u00e4re, die dem aufmerksamen Besucher eine Ahnung davon vermittelte, was das Besondere an der Hospizarbeit ausmacht und was Trost dabei bedeuten kann. \u201eTrost ist doch ganz offensichtlich eine fr\u00fchkindliche Erfahrung. Und wir alle werden solche Erfahrungen gemacht haben, bevor wir das Wort \u00fcberhaupt kannten oder aussprechen konnten\u201c, so brachte Michael Strodt es auf den Punkt.<\/p>\n<p>Als dann der Kirchenchor das Abendlied von Matthias Claudius sang, das, wie Strodt zu berichten wusste, f\u00fcr eine Frau im Hospiz zu einem Lebensbegleiter geworden ist, war etwas von dem zu sp\u00fcren, was die Hospizhelfer manchmal das \u201eHospizwunder\u201c nennen. Mit diesem Lied, das diese Frau fr\u00fcher selbst mit ihrer Mutter und ihren Geschwistern mehrstimmig gesungen habe und jetzt, am Ende ihres Lebens, in jeder Strophe eine bestimmte Station ihres Lebens zu beschreiben scheint, war dieses Wunder zu greifen nahe.<\/p>\n<p>\u201eIm Hospiz hat besonders das Zuh\u00f6ren einen hohen Stellenwert\u201c, machte der Hospizvorsitzende noch einmal deutlich, \u201ewobei auch nicht jede Begegnung ganz tiefsch\u00fcrfende Sinnfragen aufwirft. Oft steht die pure Lebensfreude im Vordergrund\u201c, so Strodt. \u201eDas bedeutet, den kostbaren Alltag der Sterbenden nach ihren W\u00fcnschen mit kleinen Gl\u00fccksmomenten zu f\u00fcllen.\u201c Mit einem solchen Gl\u00fccksmoment schloss denn auch das Konzert, das am Ende alle Konzertbesuche noch einmal einlud, gemeinsam mit allen Ch\u00f6ren das Abendlied von Thomas Laubach und Karl-Bernhard H\u00fcttis zu singen.<\/p>\n<p>Mit gro\u00dfer Freude und Blumen bedankte sich der Hospizverein beim M\u00e4nnerchor Harmonie unter der Leitung von Thomas Kramer,\u00a0 beim Singkreis S\u00f6gel unter der Leitung von Theresa M\u00fchlenberg, beim Chor Kalinka S\u00f6gel unter der Leitung von Irina Sel und beim Kirchenchor St. Jakobus unter der Leitung von Frauke Sparfeldt f\u00fcr ein wunderbares Benefizkonzert.<\/p>\n<p>Text\/Fotos: Michael Strodt<\/p>\n<div id=\"attachment_25490\" style=\"width: 310px\" class=\"wp-caption alignnone\"><a href=\"https:\/\/www.forum-soegel.de\/information\/2018\/12\/im-hospiz-hat-das-zuhoeren-einen-hohen-stellenwert\/im-hospiz-hat-das-zuhoeren-einen-hohen-stellenwert-1\/\" rel=\"attachment wp-att-25490\"><img loading=\"lazy\" decoding=\"async\" aria-describedby=\"caption-attachment-25490\" class=\"size-medium wp-image-25490\" src=\"https:\/\/www.forum-soegel.de\/information\/wp-content\/uploads\/2018\/12\/Im-Hospiz-hat-das-Zuh\u00f6ren-einen-hohen-Stellenwert-1-300x200.jpg\" alt=\"\" width=\"300\" height=\"200\" srcset=\"https:\/\/www.forum-soegel.de\/information\/wp-content\/uploads\/2018\/12\/Im-Hospiz-hat-das-Zuh\u00f6ren-einen-hohen-Stellenwert-1-300x200.jpg 300w, https:\/\/www.forum-soegel.de\/information\/wp-content\/uploads\/2018\/12\/Im-Hospiz-hat-das-Zuh\u00f6ren-einen-hohen-Stellenwert-1-768x512.jpg 768w, https:\/\/www.forum-soegel.de\/information\/wp-content\/uploads\/2018\/12\/Im-Hospiz-hat-das-Zuh\u00f6ren-einen-hohen-Stellenwert-1.jpg 1024w\" sizes=\"auto, (max-width: 300px) 100vw, 300px\" \/><\/a><p id=\"caption-attachment-25490\" class=\"wp-caption-text\">F\u00fcr ein wunderbares Benefizkonzert bedanke sich der Vorsitzende des S\u00f6geler Hospizvereins Michael Strodt beim M\u00e4nnerchor Harmonie unter der Leitung von Thomas Kramer, beim Singkreis S\u00f6gel unter der Leitung von Theresa M\u00fchlenberg, beim Chor Kalinka S\u00f6gel unter der Leitung von Irina Sel und beim Kirchenchor St. Jakobus unter der Leitung von Frauke Sparfeldt.<\/p><\/div>\n<p>&nbsp;<\/p>\n","protected":false},"excerpt":{"rendered":"Benefizkonzert f\u00fcr den S\u00f6geler Hospiz Dienst S\u00f6gel &#8211; Mit eigens einstudierten Liedern \u00fcber das Leben und den Tod, die Trauer und den Trost, aber auch \u00fcber die Hoffnung auf ein Wiedersehen hat die \u201eKirchenmusik an St. Jakobus\u201c sich jetzt f\u00fcr die Arbeit des Hospizvereins in S\u00f6gel stark gemacht und beim gut besuchten Benefizkonzert in der [&hellip;]\n","protected":false},"author":2,"featured_media":0,"comment_status":"closed","ping_status":"closed","sticky":false,"template":"","format":"standard","meta":{"ngg_post_thumbnail":0,"footnotes":""},"categories":[3],"tags":[],"class_list":["post-25489","post","type-post","status-publish","format-standard","hentry","category-aktuelles-aus-der-region"],"_links":{"self":[{"href":"https:\/\/www.forum-soegel.de\/information\/wp-json\/wp\/v2\/posts\/25489","targetHints":{"allow":["GET"]}}],"collection":[{"href":"https:\/\/www.forum-soegel.de\/information\/wp-json\/wp\/v2\/posts"}],"about":[{"href":"https:\/\/www.forum-soegel.de\/information\/wp-json\/wp\/v2\/types\/post"}],"author":[{"embeddable":true,"href":"https:\/\/www.forum-soegel.de\/information\/wp-json\/wp\/v2\/users\/2"}],"replies":[{"embeddable":true,"href":"https:\/\/www.forum-soegel.de\/information\/wp-json\/wp\/v2\/comments?post=25489"}],"version-history":[{"count":2,"href":"https:\/\/www.forum-soegel.de\/information\/wp-json\/wp\/v2\/posts\/25489\/revisions"}],"predecessor-version":[{"id":25493,"href":"https:\/\/www.forum-soegel.de\/information\/wp-json\/wp\/v2\/posts\/25489\/revisions\/25493"}],"wp:attachment":[{"href":"https:\/\/www.forum-soegel.de\/information\/wp-json\/wp\/v2\/media?parent=25489"}],"wp:term":[{"taxonomy":"category","embeddable":true,"href":"https:\/\/www.forum-soegel.de\/information\/wp-json\/wp\/v2\/categories?post=25489"},{"taxonomy":"post_tag","embeddable":true,"href":"https:\/\/www.forum-soegel.de\/information\/wp-json\/wp\/v2\/tags?post=25489"}],"curies":[{"name":"wp","href":"https:\/\/api.w.org\/{rel}","templated":true}]}}