{"id":25487,"date":"2018-12-01T19:11:02","date_gmt":"2018-12-01T18:11:02","guid":{"rendered":"https:\/\/www.forum-soegel.de\/information\/?p=25487"},"modified":"2018-12-21T19:11:40","modified_gmt":"2018-12-21T18:11:40","slug":"heilig-abend-nicht-allein-5","status":"publish","type":"post","link":"https:\/\/www.forum-soegel.de\/information\/2018\/12\/heilig-abend-nicht-allein-5\/","title":{"rendered":"Heilig Abend nicht allein"},"content":{"rendered":"<p>S\u00f6gel &#8211; Zu Weihnachten 2018 sollte in der Samtgemeinde S\u00f6gel niemand ungewollt alleine sein und den Heiligabend alleine verbringen. Das Seniorenzentrum im l\u00e4ndlichen Raum S\u00f6gel e.V. und das WeihnachtsTeam laden am 24.Dezember zu einer Weihnachtsfeier f\u00fcr \u00e4ltere und allein lebende B\u00fcrger und B\u00fcrgerinnen ins \u201eKatharina von Bora Haus der ev. Markusgemeinde S\u00f6gel ein.<br \/>\nBeginn ist um 17.00 Uhr mit dem Gottesdienst in der Markusgemeinde. Im Anschluss wird ab 18.00 Uhr der Nikolaus auftreten, ein Festessen serviert werden und ein feines Unterhaltungsprogramm f\u00fcr einen kurzweiligen Abend sorgen. Die Kosten f\u00fcr eine Teilnahme betragen EUR 10.&#8211;<br \/>\nAnmeldungen nimmt das Seniorenzentrum im l\u00e4ndlichen Raum unter Telefon 05952- 3022 von 8.30 bis 12.00 Uhr entgegen. Ein Fahrdienst wird wie immer eingerichtet.<\/p>\n<p>Ihr WeihnachtsTEAM<\/p>\n","protected":false},"excerpt":{"rendered":"S\u00f6gel &#8211; Zu Weihnachten 2018 sollte in der Samtgemeinde S\u00f6gel niemand ungewollt alleine sein und den Heiligabend alleine verbringen. Das Seniorenzentrum im l\u00e4ndlichen Raum S\u00f6gel e.V. und das WeihnachtsTeam laden am 24.Dezember zu einer Weihnachtsfeier f\u00fcr \u00e4ltere und allein lebende B\u00fcrger und B\u00fcrgerinnen ins \u201eKatharina von Bora Haus der ev. Markusgemeinde S\u00f6gel ein. Beginn ist [&hellip;]\n","protected":false},"author":2,"featured_media":0,"comment_status":"closed","ping_status":"closed","sticky":false,"template":"","format":"standard","meta":{"ngg_post_thumbnail":0,"footnotes":""},"categories":[3],"tags":[],"class_list":["post-25487","post","type-post","status-publish","format-standard","hentry","category-aktuelles-aus-der-region"],"_links":{"self":[{"href":"https:\/\/www.forum-soegel.de\/information\/wp-json\/wp\/v2\/posts\/25487","targetHints":{"allow":["GET"]}}],"collection":[{"href":"https:\/\/www.forum-soegel.de\/information\/wp-json\/wp\/v2\/posts"}],"about":[{"href":"https:\/\/www.forum-soegel.de\/information\/wp-json\/wp\/v2\/types\/post"}],"author":[{"embeddable":true,"href":"https:\/\/www.forum-soegel.de\/information\/wp-json\/wp\/v2\/users\/2"}],"replies":[{"embeddable":true,"href":"https:\/\/www.forum-soegel.de\/information\/wp-json\/wp\/v2\/comments?post=25487"}],"version-history":[{"count":1,"href":"https:\/\/www.forum-soegel.de\/information\/wp-json\/wp\/v2\/posts\/25487\/revisions"}],"predecessor-version":[{"id":25488,"href":"https:\/\/www.forum-soegel.de\/information\/wp-json\/wp\/v2\/posts\/25487\/revisions\/25488"}],"wp:attachment":[{"href":"https:\/\/www.forum-soegel.de\/information\/wp-json\/wp\/v2\/media?parent=25487"}],"wp:term":[{"taxonomy":"category","embeddable":true,"href":"https:\/\/www.forum-soegel.de\/information\/wp-json\/wp\/v2\/categories?post=25487"},{"taxonomy":"post_tag","embeddable":true,"href":"https:\/\/www.forum-soegel.de\/information\/wp-json\/wp\/v2\/tags?post=25487"}],"curies":[{"name":"wp","href":"https:\/\/api.w.org\/{rel}","templated":true}]}}