{"id":25485,"date":"2018-12-21T19:10:59","date_gmt":"2018-12-21T18:10:59","guid":{"rendered":"https:\/\/www.forum-soegel.de\/information\/?p=25485"},"modified":"2018-12-21T19:10:59","modified_gmt":"2018-12-21T18:10:59","slug":"europa-abgeordneter-jens-gieseke-trifft-spahnharrenstaetter-buerger","status":"publish","type":"post","link":"https:\/\/www.forum-soegel.de\/information\/2018\/12\/europa-abgeordneter-jens-gieseke-trifft-spahnharrenstaetter-buerger\/","title":{"rendered":"EUROPA \u2013 Abgeordneter Jens Gieseke trifft Spahnharrenst\u00e4tter B\u00fcrger"},"content":{"rendered":"<p>Spahnharrenst\u00e4tte \u2013 Im September besuchte der Europaabgeordnete\u00a0 Jens Gieseke die Gemeinde Spahnharrenst\u00e4tte, um mit einigen interessierten B\u00fcrgern \u00fcber EUROPA zu sprechen.<\/p>\n<p>Im Dorfgemeinschaftshaus \u201eL\u00fcns Hus\u201c begr\u00fc\u00dfte zun\u00e4chst der CDU -Ortsvorsitzende Markus Freese die interessierten B\u00fcrgerinnen und B\u00fcrger aus Spahnharrenst\u00e4tte.<\/p>\n<p>Nach einer kurzen Vorstellung des Abgeordneten Jens Gieseke sprach diese \u00fcber die Fragen: Wie steht es um Europa?\u00a0\u00a0\u00a0\u00a0\u00a0\u00a0\u00a0\u00a0\u00a0\u00a0 Wie beeinflusst Europa konkret unser Leben in Spahnharrenst\u00e4tte?<\/p>\n<p>Der jetzt seit fast vier Jahren im Europaparlament arbeitende Jens Gieseke begann seine Ausf\u00fchrung an diesem Abend zun\u00e4chst mit der Verk\u00fcndung einer Premiere:\u201eNormalerweise sind f\u00fcr mich Veranstaltungen wie diese immer mit einer Anreise per PKW von mehr als 2 Stunden verbunden.\u201c \u00a0An diesem Abend war es f\u00fcr den Europaabgeordneten eine Anreise mit dem Fahrrad aus seinem Heimatort S\u00f6gel in weniger als 18 Minuten!<\/p>\n<p>Im Rahmen des anschlie\u00dfenden Vortrags bekamen die B\u00fcrgerinnen und B\u00fcrger einen Einblick in die aktuelle Situation Europas und die Arbeit des Abgeordneten.<\/p>\n<p>Dabei standen Themen wie der bevorstehende Brexit, CO<sup>2<\/sup> Reduzierung, Dieselfahrverbot und die aktuelle Fl\u00fcchtlingssituation im Fokus.\u00a0 Auch die konkrete Einfluss auf das Dorfleben in unserer Region wurde vom Abgeordneten erl\u00e4utert.<\/p>\n<p>Die EU und ihre Mitgliedsl\u00e4nder befinden sich zurzeit in einer schwierigen Lage, Zunehmende Euro-Skepsis stellen \u00a0vor gro\u00dfe Herausforderungen. Gerade aufgrund des wachsenden Populismus steht Europa unter einem gewaltigen Druck.<\/p>\n<p>Jens Gieseke appellierte an alle, an der \u00a0Wahl am 26. Mai 2019 teilzunehmen: \u201eDie EU m\u00fcsse stark bleiben! Wir d\u00fcrfen Populisten nicht das Feld \u00fcberlassen!\u201c<\/p>\n<p>In der anschlie\u00dfenden Fragestunde wurde kontrovers \u00fcber viele weitere Themen wie Landwirtschaft, Zeitumstellung, aber auch die Entwicklungsm\u00f6glichkeiten kleiner D\u00f6rfer wie Spahnharrenst\u00e4tte diskutiert.<\/p>\n<p>Am Ende der Veranstaltung bedankte sich der CDU-Vorsitzende Markus Freese bei den Besuchern f\u00fcr die\u00a0 offene Diskussion.<\/p>\n<p>Dem Europaabgeordneten Jens Gieseke wurde f\u00fcr diesen informativen Austausch und seinen Einsatz f\u00fcr unsere Region gedankt.<\/p>\n<p>\u201eF\u00fcr die anstehende Europawahl im Mai 2019 k\u00f6nnen wir Dir unsere Unterst\u00fctzeng zusagen!\u201c Mit diesen Worten beendete Markus Freese die B\u00fcrgerversammlung.<\/p>\n<p>Text: Werner R\u00fcdebusch<\/p>\n","protected":false},"excerpt":{"rendered":"Spahnharrenst\u00e4tte \u2013 Im September besuchte der Europaabgeordnete\u00a0 Jens Gieseke die Gemeinde Spahnharrenst\u00e4tte, um mit einigen interessierten B\u00fcrgern \u00fcber EUROPA zu sprechen. Im Dorfgemeinschaftshaus \u201eL\u00fcns Hus\u201c begr\u00fc\u00dfte zun\u00e4chst der CDU -Ortsvorsitzende Markus Freese die interessierten B\u00fcrgerinnen und B\u00fcrger aus Spahnharrenst\u00e4tte. Nach einer kurzen Vorstellung des Abgeordneten Jens Gieseke sprach diese \u00fcber die Fragen: Wie steht es [&hellip;]\n","protected":false},"author":2,"featured_media":0,"comment_status":"closed","ping_status":"closed","sticky":false,"template":"","format":"standard","meta":{"ngg_post_thumbnail":0,"footnotes":""},"categories":[3],"tags":[],"class_list":["post-25485","post","type-post","status-publish","format-standard","hentry","category-aktuelles-aus-der-region"],"_links":{"self":[{"href":"https:\/\/www.forum-soegel.de\/information\/wp-json\/wp\/v2\/posts\/25485","targetHints":{"allow":["GET"]}}],"collection":[{"href":"https:\/\/www.forum-soegel.de\/information\/wp-json\/wp\/v2\/posts"}],"about":[{"href":"https:\/\/www.forum-soegel.de\/information\/wp-json\/wp\/v2\/types\/post"}],"author":[{"embeddable":true,"href":"https:\/\/www.forum-soegel.de\/information\/wp-json\/wp\/v2\/users\/2"}],"replies":[{"embeddable":true,"href":"https:\/\/www.forum-soegel.de\/information\/wp-json\/wp\/v2\/comments?post=25485"}],"version-history":[{"count":1,"href":"https:\/\/www.forum-soegel.de\/information\/wp-json\/wp\/v2\/posts\/25485\/revisions"}],"predecessor-version":[{"id":25486,"href":"https:\/\/www.forum-soegel.de\/information\/wp-json\/wp\/v2\/posts\/25485\/revisions\/25486"}],"wp:attachment":[{"href":"https:\/\/www.forum-soegel.de\/information\/wp-json\/wp\/v2\/media?parent=25485"}],"wp:term":[{"taxonomy":"category","embeddable":true,"href":"https:\/\/www.forum-soegel.de\/information\/wp-json\/wp\/v2\/categories?post=25485"},{"taxonomy":"post_tag","embeddable":true,"href":"https:\/\/www.forum-soegel.de\/information\/wp-json\/wp\/v2\/tags?post=25485"}],"curies":[{"name":"wp","href":"https:\/\/api.w.org\/{rel}","templated":true}]}}