{"id":25481,"date":"2018-12-21T19:10:11","date_gmt":"2018-12-21T18:10:11","guid":{"rendered":"https:\/\/www.forum-soegel.de\/information\/?p=25481"},"modified":"2018-12-21T19:10:11","modified_gmt":"2018-12-21T18:10:11","slug":"erstes-internationales-fussballturnier-in-soegel","status":"publish","type":"post","link":"https:\/\/www.forum-soegel.de\/information\/2018\/12\/erstes-internationales-fussballturnier-in-soegel\/","title":{"rendered":"Erstes internationales Fu\u00dfballturnier in S\u00f6gel"},"content":{"rendered":"<p><a href=\"https:\/\/www.forum-soegel.de\/information\/2018\/12\/erstes-internationales-fussballturnier-in-soegel\/erstes-internationales-fussballturnier-in-soegel\/\" rel=\"attachment wp-att-25482\"><img loading=\"lazy\" decoding=\"async\" class=\"alignleft size-medium wp-image-25482\" src=\"https:\/\/www.forum-soegel.de\/information\/wp-content\/uploads\/2018\/12\/Erstes-internationales-Fu\u00dfballturnier-in-S\u00f6gel-300x225.jpg\" alt=\"\" width=\"300\" height=\"225\" srcset=\"https:\/\/www.forum-soegel.de\/information\/wp-content\/uploads\/2018\/12\/Erstes-internationales-Fu\u00dfballturnier-in-S\u00f6gel-300x225.jpg 300w, https:\/\/www.forum-soegel.de\/information\/wp-content\/uploads\/2018\/12\/Erstes-internationales-Fu\u00dfballturnier-in-S\u00f6gel-768x576.jpg 768w, https:\/\/www.forum-soegel.de\/information\/wp-content\/uploads\/2018\/12\/Erstes-internationales-Fu\u00dfballturnier-in-S\u00f6gel.jpg 1024w\" sizes=\"auto, (max-width: 300px) 100vw, 300px\" \/><\/a>S\u00f6gel &#8211; Am Sonntag, dem 28.10.2018 fand ab 11:00 Uhr das 1. Internationale Fu\u00dfballturnier auf dem Gel\u00e4nde des A+W Bildungszentrums in S\u00f6gel statt. Organisiert wurde das Turnier durch ein breites B\u00fcndnis aus Kolping Bildungswerk, A+W Bildungszentrum, Caritasverband, Marstall Clemenswerth, Kreissportbund Emsland und dem Willkommensb\u00fcro der Samtgemeinde S\u00f6gel.<\/p>\n<p>Die Initiative zum Turnier kam von Herrn P\u0103tra\u0219cu, einem Rum\u00e4nen, der in S\u00f6gel lebt und arbeitet. Er kam mit seiner Tochter in die Migrationsberatungsstelle des Kolping Bildungswerkes und machte den Vorschlag, ein Fu\u00dfballturnier zu organisieren. Im Integrationsnetzwerk S\u00f6gel fand die Idee sofort gro\u00dfen Zuspruch unter den beteiligten Einrichtungen.<\/p>\n<p>Ziel des Turnieres war, die vielen unterschiedlichen Nationalit\u00e4ten, die gemeinsam in S\u00f6gel leben, aktiv zusammenzubringen und gemeinsam eine gute Zeit zu haben. Als beliebte Freizeitgestaltung bietet sich besonders Sport bzw. Fu\u00dfball im Hinblick auf erfolgreiche Integration an. Es waren daher auch ausdr\u00fccklich alle Interessierten, unabh\u00e4ngig von Herkunft, Alter oder Geschlecht, etc. dazu eingeladen als Spieler*innen oder Publikum am Turnier teilzunehmen.<\/p>\n<p>Mit 14 Mannschaften und 120 Spielern und Spielerinnen ging es an den Start, dabei war schon bei der Namensgebung gro\u00dfe Kreativit\u00e4t zu entdecken. Teams wie z.B. SV Sigiltra Suvvsau \u00fcber Atletico Textila, Alte Polizei oder Romania Extensiv ma\u00dfen ihre Kr\u00e4fte mit hohem Einsatz und Spielfreude.<\/p>\n<p>Flankiert wurden die Fu\u00dfballspiele von einem bunten Rahmenprogramm: Der Verein \u201eJugend stark machen\u201c stellte seinen Spieleanh\u00e4nger mit Angeboten f\u00fcr Jung und Alt zur Verf\u00fcgung und das A+W Bildungszentrum sorgte f\u00fcr das leibliche Wohl.<\/p>\n<p>Nach vier Stunden war der Sieger ermittelt und Pokale und Medaillen wurden verliehen. Am Ende waren sich alle einig: Dieses Turnier wird ein fester Programmpunkt in der Jahresplanung!<\/p>\n<p>Text\/Foto: Eva Maria Langhans<\/p>\n<p>&nbsp;<\/p>\n<p>&nbsp;<\/p>\n","protected":false},"excerpt":{"rendered":"S\u00f6gel &#8211; Am Sonntag, dem 28.10.2018 fand ab 11:00 Uhr das 1. Internationale Fu\u00dfballturnier auf dem Gel\u00e4nde des A+W Bildungszentrums in S\u00f6gel statt. Organisiert wurde das Turnier durch ein breites B\u00fcndnis aus Kolping Bildungswerk, A+W Bildungszentrum, Caritasverband, Marstall Clemenswerth, Kreissportbund Emsland und dem Willkommensb\u00fcro der Samtgemeinde S\u00f6gel. Die Initiative zum Turnier kam von Herrn P\u0103tra\u0219cu, [&hellip;]\n","protected":false},"author":2,"featured_media":0,"comment_status":"closed","ping_status":"closed","sticky":false,"template":"","format":"standard","meta":{"ngg_post_thumbnail":0,"footnotes":""},"categories":[3],"tags":[],"class_list":["post-25481","post","type-post","status-publish","format-standard","hentry","category-aktuelles-aus-der-region"],"_links":{"self":[{"href":"https:\/\/www.forum-soegel.de\/information\/wp-json\/wp\/v2\/posts\/25481","targetHints":{"allow":["GET"]}}],"collection":[{"href":"https:\/\/www.forum-soegel.de\/information\/wp-json\/wp\/v2\/posts"}],"about":[{"href":"https:\/\/www.forum-soegel.de\/information\/wp-json\/wp\/v2\/types\/post"}],"author":[{"embeddable":true,"href":"https:\/\/www.forum-soegel.de\/information\/wp-json\/wp\/v2\/users\/2"}],"replies":[{"embeddable":true,"href":"https:\/\/www.forum-soegel.de\/information\/wp-json\/wp\/v2\/comments?post=25481"}],"version-history":[{"count":2,"href":"https:\/\/www.forum-soegel.de\/information\/wp-json\/wp\/v2\/posts\/25481\/revisions"}],"predecessor-version":[{"id":25484,"href":"https:\/\/www.forum-soegel.de\/information\/wp-json\/wp\/v2\/posts\/25481\/revisions\/25484"}],"wp:attachment":[{"href":"https:\/\/www.forum-soegel.de\/information\/wp-json\/wp\/v2\/media?parent=25481"}],"wp:term":[{"taxonomy":"category","embeddable":true,"href":"https:\/\/www.forum-soegel.de\/information\/wp-json\/wp\/v2\/categories?post=25481"},{"taxonomy":"post_tag","embeddable":true,"href":"https:\/\/www.forum-soegel.de\/information\/wp-json\/wp\/v2\/tags?post=25481"}],"curies":[{"name":"wp","href":"https:\/\/api.w.org\/{rel}","templated":true}]}}