{"id":25476,"date":"2018-12-21T19:08:42","date_gmt":"2018-12-21T18:08:42","guid":{"rendered":"https:\/\/www.forum-soegel.de\/information\/?p=25476"},"modified":"2018-12-21T19:08:42","modified_gmt":"2018-12-21T18:08:42","slug":"einweihung-des-mehrgenerationenspielplatzes-boerger","status":"publish","type":"post","link":"https:\/\/www.forum-soegel.de\/information\/2018\/12\/einweihung-des-mehrgenerationenspielplatzes-boerger\/","title":{"rendered":"Einweihung des Mehrgenerationenspielplatzes B\u00f6rger"},"content":{"rendered":"<p>B\u00f6rger &#8211; Mit einer kleinen Feierstunde wurde der Mehrgenerationenspielplatz B\u00f6rger eingeweiht. \u201eDank der Unterst\u00fctzung zahlreicher Helfer ist ein Spielplatz gestaltet worden, der nicht nur Kindern und Jugendlichen eine moderne und attraktive Spielst\u00e4tte bietet, sondern ein Begegnungsort f\u00fcr \u201aJung und Alt\u2018 ist und somit ein Ausflugsziel f\u00fcr die ganze Familie darstellt\u201c, erkl\u00e4rt B\u00fcrgermeister J\u00fcrgen Ermes.<\/p>\n<p>Zu Beginn erfolgte die Einsegnung des neuen Platzes und der Spielger\u00e4te durch Pater Vijay (St. Jodocus B\u00f6rger) und Pastor Matthias Vo\u00df (Ev.-luth. Markusgemeinde S\u00f6gel). Anschlie\u00dfend konnten die Kinder den Spielplatz in Besitz und die zahlreichen G\u00e4ste die Anlage in Augenschein nehmen. Au\u00dferdem war f\u00fcr das leibliche Wohl der G\u00e4ste gesorgt.<\/p>\n<p>Um den Mehrgenerationenspielplatz interessant und bedarfsgerecht zu gestalten, wurden sowohl die \u00f6rtlichen Vereine wie z. B. die KLJB B\u00f6rger oder der \u201aF\u00f6rderverein f\u00fcr Kinder und Jugendarbeit B\u00f6rger eV.\u2018 als auch die Anwohner der Pater-Augustin-Stra\u00dfe und jungen Familien der Gemeinde in die Planungen miteinbezogen. Ihnen sprach Ermes seinen herzlichsten Dank aus. Gleiches gilt f\u00fcr Hr. Josef G\u00f6\u00dfling, Mitarbeiter des Fachbereiches Bau der Samtgemeinde S\u00f6gel, der die Errichtung des Spielplatzes ma\u00dfgeblich betreute.<\/p>\n<p>Die Realisierung erfolgt im Rahmen des Projektes \u201eSchaffung von Mehrgenerationenspielpl\u00e4tzen in der Region H\u00fcmmling\u201c, an welchem sich neben der Gemeinde B\u00f6rger auch die Gemeinden Werlte und Rastdorf beteiligten. Dieses Projekt wurde durch EU-Mittel unterst\u00fctzt, n\u00e4mlich nach der \u201eRichtlinie \u00fcber die Gew\u00e4hrung von Zuwendungen zur F\u00f6rderung der Umsetzung von LEADER\u201c. Daher ging der Dank von Gemeindedirektor Johannes M\u00fcller an den Regionalmanager Ralph Deitermann sowie an das \u201aAmt f\u00fcr regionale Landesentwicklung\u2018 (ArL) f\u00fcr deren Unterst\u00fctzung.<\/p>\n<p>Text\/Foto: Gemeinde B\u00f6rger<\/p>\n<div id=\"attachment_25477\" style=\"width: 310px\" class=\"wp-caption alignnone\"><a href=\"https:\/\/www.forum-soegel.de\/information\/2018\/12\/einweihung-des-mehrgenerationenspielplatzes-boerger\/einweihung-des-mehrgenerationenspielplatzes-boerger-2\/\" rel=\"attachment wp-att-25477\"><img loading=\"lazy\" decoding=\"async\" aria-describedby=\"caption-attachment-25477\" class=\"size-medium wp-image-25477\" src=\"https:\/\/www.forum-soegel.de\/information\/wp-content\/uploads\/2018\/12\/Einweihung-des-Mehrgenerationenspielplatzes-B\u00f6rger-2-300x200.jpg\" alt=\"\" width=\"300\" height=\"200\" srcset=\"https:\/\/www.forum-soegel.de\/information\/wp-content\/uploads\/2018\/12\/Einweihung-des-Mehrgenerationenspielplatzes-B\u00f6rger-2-300x200.jpg 300w, https:\/\/www.forum-soegel.de\/information\/wp-content\/uploads\/2018\/12\/Einweihung-des-Mehrgenerationenspielplatzes-B\u00f6rger-2-768x512.jpg 768w, https:\/\/www.forum-soegel.de\/information\/wp-content\/uploads\/2018\/12\/Einweihung-des-Mehrgenerationenspielplatzes-B\u00f6rger-2.jpg 1024w\" sizes=\"auto, (max-width: 300px) 100vw, 300px\" \/><\/a><p id=\"caption-attachment-25477\" class=\"wp-caption-text\">Die Einweihung des Mehrgenerationenspielplatzes feierten Vertreter der beteiligten Kommunen und Beh\u00f6rden sowie Helfer &amp; Anwohner<\/p><\/div>\n<div id=\"attachment_25478\" style=\"width: 310px\" class=\"wp-caption alignnone\"><a href=\"https:\/\/www.forum-soegel.de\/information\/2018\/12\/einweihung-des-mehrgenerationenspielplatzes-boerger\/einweihung-des-mehrgenerationenspielplatzes-boerger-1\/\" rel=\"attachment wp-att-25478\"><img loading=\"lazy\" decoding=\"async\" aria-describedby=\"caption-attachment-25478\" class=\"size-medium wp-image-25478\" src=\"https:\/\/www.forum-soegel.de\/information\/wp-content\/uploads\/2018\/12\/Einweihung-des-Mehrgenerationenspielplatzes-B\u00f6rger-1-300x225.jpg\" alt=\"\" width=\"300\" height=\"225\" srcset=\"https:\/\/www.forum-soegel.de\/information\/wp-content\/uploads\/2018\/12\/Einweihung-des-Mehrgenerationenspielplatzes-B\u00f6rger-1-300x225.jpg 300w, https:\/\/www.forum-soegel.de\/information\/wp-content\/uploads\/2018\/12\/Einweihung-des-Mehrgenerationenspielplatzes-B\u00f6rger-1-768x576.jpg 768w, https:\/\/www.forum-soegel.de\/information\/wp-content\/uploads\/2018\/12\/Einweihung-des-Mehrgenerationenspielplatzes-B\u00f6rger-1.jpg 1024w\" sizes=\"auto, (max-width: 300px) 100vw, 300px\" \/><\/a><p id=\"caption-attachment-25478\" class=\"wp-caption-text\">Standort des Mehrgenerationenspielplatzes ist das neue Baugebiet \u201eGro\u00dfer Sand II\u201c<\/p><\/div>\n<p>&nbsp;<\/p>\n","protected":false},"excerpt":{"rendered":"B\u00f6rger &#8211; Mit einer kleinen Feierstunde wurde der Mehrgenerationenspielplatz B\u00f6rger eingeweiht. \u201eDank der Unterst\u00fctzung zahlreicher Helfer ist ein Spielplatz gestaltet worden, der nicht nur Kindern und Jugendlichen eine moderne und attraktive Spielst\u00e4tte bietet, sondern ein Begegnungsort f\u00fcr \u201aJung und Alt\u2018 ist und somit ein Ausflugsziel f\u00fcr die ganze Familie darstellt\u201c, erkl\u00e4rt B\u00fcrgermeister J\u00fcrgen Ermes. Zu [&hellip;]\n","protected":false},"author":2,"featured_media":0,"comment_status":"closed","ping_status":"closed","sticky":false,"template":"","format":"standard","meta":{"ngg_post_thumbnail":0,"footnotes":""},"categories":[3],"tags":[],"class_list":["post-25476","post","type-post","status-publish","format-standard","hentry","category-aktuelles-aus-der-region"],"_links":{"self":[{"href":"https:\/\/www.forum-soegel.de\/information\/wp-json\/wp\/v2\/posts\/25476","targetHints":{"allow":["GET"]}}],"collection":[{"href":"https:\/\/www.forum-soegel.de\/information\/wp-json\/wp\/v2\/posts"}],"about":[{"href":"https:\/\/www.forum-soegel.de\/information\/wp-json\/wp\/v2\/types\/post"}],"author":[{"embeddable":true,"href":"https:\/\/www.forum-soegel.de\/information\/wp-json\/wp\/v2\/users\/2"}],"replies":[{"embeddable":true,"href":"https:\/\/www.forum-soegel.de\/information\/wp-json\/wp\/v2\/comments?post=25476"}],"version-history":[{"count":2,"href":"https:\/\/www.forum-soegel.de\/information\/wp-json\/wp\/v2\/posts\/25476\/revisions"}],"predecessor-version":[{"id":25480,"href":"https:\/\/www.forum-soegel.de\/information\/wp-json\/wp\/v2\/posts\/25476\/revisions\/25480"}],"wp:attachment":[{"href":"https:\/\/www.forum-soegel.de\/information\/wp-json\/wp\/v2\/media?parent=25476"}],"wp:term":[{"taxonomy":"category","embeddable":true,"href":"https:\/\/www.forum-soegel.de\/information\/wp-json\/wp\/v2\/categories?post=25476"},{"taxonomy":"post_tag","embeddable":true,"href":"https:\/\/www.forum-soegel.de\/information\/wp-json\/wp\/v2\/tags?post=25476"}],"curies":[{"name":"wp","href":"https:\/\/api.w.org\/{rel}","templated":true}]}}