{"id":25472,"date":"2018-12-21T19:06:34","date_gmt":"2018-12-21T18:06:34","guid":{"rendered":"https:\/\/www.forum-soegel.de\/information\/?p=25472"},"modified":"2018-12-21T19:06:34","modified_gmt":"2018-12-21T18:06:34","slug":"der-weltladen-in-soegel-nur-eine-solidarische-welt-kann-eine-gerechte-und-friedvolle-welt-sein","status":"publish","type":"post","link":"https:\/\/www.forum-soegel.de\/information\/2018\/12\/der-weltladen-in-soegel-nur-eine-solidarische-welt-kann-eine-gerechte-und-friedvolle-welt-sein\/","title":{"rendered":"Der Weltladen in S\u00f6gel \u2013 \u201eNur eine solidarische Welt kann eine gerechte und friedvolle Welt sein.\u201c"},"content":{"rendered":"<p>S\u00f6gel &#8211; Im Sinne dieses Zitats von Richard von Weiz\u00e4cker (1986) \u00fcber die Verantwortung f\u00fcr sozialen Fortschritt, Gerechtigkeit und Menschenrechte handeln Menschen in S\u00f6gel heute ganz praktisch, indem sie den Weltladen ehrenamtlich betreiben. Sie investieren ihre Zeit, Energie und auch Liebe in den Verkauf von fairgehandelten Produkten wie Lebensmittel, Schmuck, Taschen und Kunstgewerbe &#8211; und das teilweise schon seit 33 Jahren.<\/p>\n<p>Schon im November 1989 wurde unter dem Weltladen-Dachverband der Laden in S\u00f6gel er\u00f6ffnet. Die Produkte, die im Weltladen in S\u00f6gel zu erwerben sind, sind zu 100% fairgehandelt. Handelspartner wie zum Beispiel die Gepa und El Puente haben Vertr\u00e4ge mit den Kooperativen in den Anbaul\u00e4ndern, die eine gerechte Bezahlung, Krankenversorgung und Schulbildung erm\u00f6glichen. Dadurch hat sich die Situation der kooperierenden Bauern deutlich verbessert.<\/p>\n<p>Mittlerweile hat der Weltladen 75 Mitglieder. Die Verantwortlichen des Ladenteams bet\u00e4tigen sich ehrenamtlich als Eink\u00e4ufer, Kassenwart, Dekorateure, Verk\u00e4ufer, Berater, usw., \u00fcbernehmen eben alle T\u00e4tigkeiten, die dieser Betrieb mit sich bringt. P\u00fcnktlich zum 25-j\u00e4hrigen Jubil\u00e4um erstrahlten die Ladenr\u00e4ume in neuem Glanz, weshalb sich die Verkaufszahlen doch deutlich steigerten.<\/p>\n<p>Ein Blick auf die Homepage unter www.weltladen-soegel.jimdo.com lohnt sich auf jeden Fall, um mehr \u00fcber das angebotene Sortiment zu erfahren. Nat\u00fcrlich gibt es auch saisonale Angebote, sodass ein Besuch des Weltladens in der Sigiltrastra\u00dfe 13 gerade in der Vorweihnachtszeit besonders lohnenswert ist, um Adventskalender, Nikol\u00e4use, Schokomandeln und tolle Geschenke f\u00fcr seine Lieben zu kaufen.<\/p>\n<p>Die t\u00e4glichen \u00d6ffnungszeiten von Montag bis Samstag von 10-12.30 Uhr und 15-18 Uhr werden durch den freiwilligen Einsatz von 18 Erwachsenen erm\u00f6glicht, die morgens den Verkauf \u00fcbernehmen und die Nachmittagsschichten bestreiten ca. 20 Jugendliche des H\u00fcmmling-Gymnasiums und der Schule am Schloss mit gro\u00dfem Eifer und Zuverl\u00e4ssigkeit.<\/p>\n<p>Text\/Foto: D. Schmitz, Steuergruppe Fairtrade Town<\/p>\n<div id=\"attachment_25473\" style=\"width: 310px\" class=\"wp-caption alignnone\"><a href=\"https:\/\/www.forum-soegel.de\/information\/2018\/12\/der-weltladen-in-soegel-nur-eine-solidarische-welt-kann-eine-gerechte-und-friedvolle-welt-sein\/der-weltladen-in-soegel\/\" rel=\"attachment wp-att-25473\"><img loading=\"lazy\" decoding=\"async\" aria-describedby=\"caption-attachment-25473\" class=\"size-medium wp-image-25473\" src=\"https:\/\/www.forum-soegel.de\/information\/wp-content\/uploads\/2018\/12\/Der-Weltladen-in-S\u00f6gel-300x200.jpg\" alt=\"\" width=\"300\" height=\"200\" srcset=\"https:\/\/www.forum-soegel.de\/information\/wp-content\/uploads\/2018\/12\/Der-Weltladen-in-S\u00f6gel-300x200.jpg 300w, https:\/\/www.forum-soegel.de\/information\/wp-content\/uploads\/2018\/12\/Der-Weltladen-in-S\u00f6gel-768x512.jpg 768w, https:\/\/www.forum-soegel.de\/information\/wp-content\/uploads\/2018\/12\/Der-Weltladen-in-S\u00f6gel.jpg 1024w\" sizes=\"auto, (max-width: 300px) 100vw, 300px\" \/><\/a><p id=\"caption-attachment-25473\" class=\"wp-caption-text\">Das Ladenteam unterst\u00fctzt die Kampagne &#8222;Fairtrade Towns&#8220; nat\u00fcrlich tatkr\u00e4ftig unter der Leitung von Martina Deters (2.v.l.)<\/p><\/div>\n","protected":false},"excerpt":{"rendered":"S\u00f6gel &#8211; Im Sinne dieses Zitats von Richard von Weiz\u00e4cker (1986) \u00fcber die Verantwortung f\u00fcr sozialen Fortschritt, Gerechtigkeit und Menschenrechte handeln Menschen in S\u00f6gel heute ganz praktisch, indem sie den Weltladen ehrenamtlich betreiben. Sie investieren ihre Zeit, Energie und auch Liebe in den Verkauf von fairgehandelten Produkten wie Lebensmittel, Schmuck, Taschen und Kunstgewerbe &#8211; und [&hellip;]\n","protected":false},"author":2,"featured_media":0,"comment_status":"closed","ping_status":"closed","sticky":false,"template":"","format":"standard","meta":{"ngg_post_thumbnail":0,"footnotes":""},"categories":[3],"tags":[],"class_list":["post-25472","post","type-post","status-publish","format-standard","hentry","category-aktuelles-aus-der-region"],"_links":{"self":[{"href":"https:\/\/www.forum-soegel.de\/information\/wp-json\/wp\/v2\/posts\/25472","targetHints":{"allow":["GET"]}}],"collection":[{"href":"https:\/\/www.forum-soegel.de\/information\/wp-json\/wp\/v2\/posts"}],"about":[{"href":"https:\/\/www.forum-soegel.de\/information\/wp-json\/wp\/v2\/types\/post"}],"author":[{"embeddable":true,"href":"https:\/\/www.forum-soegel.de\/information\/wp-json\/wp\/v2\/users\/2"}],"replies":[{"embeddable":true,"href":"https:\/\/www.forum-soegel.de\/information\/wp-json\/wp\/v2\/comments?post=25472"}],"version-history":[{"count":2,"href":"https:\/\/www.forum-soegel.de\/information\/wp-json\/wp\/v2\/posts\/25472\/revisions"}],"predecessor-version":[{"id":25475,"href":"https:\/\/www.forum-soegel.de\/information\/wp-json\/wp\/v2\/posts\/25472\/revisions\/25475"}],"wp:attachment":[{"href":"https:\/\/www.forum-soegel.de\/information\/wp-json\/wp\/v2\/media?parent=25472"}],"wp:term":[{"taxonomy":"category","embeddable":true,"href":"https:\/\/www.forum-soegel.de\/information\/wp-json\/wp\/v2\/categories?post=25472"},{"taxonomy":"post_tag","embeddable":true,"href":"https:\/\/www.forum-soegel.de\/information\/wp-json\/wp\/v2\/tags?post=25472"}],"curies":[{"name":"wp","href":"https:\/\/api.w.org\/{rel}","templated":true}]}}