{"id":25468,"date":"2018-12-21T19:05:20","date_gmt":"2018-12-21T18:05:20","guid":{"rendered":"https:\/\/www.forum-soegel.de\/information\/?p=25468"},"modified":"2018-12-21T19:05:20","modified_gmt":"2018-12-21T18:05:20","slug":"auch-fuer-2019-ein-afrikakalender","status":"publish","type":"post","link":"https:\/\/www.forum-soegel.de\/information\/2018\/12\/auch-fuer-2019-ein-afrikakalender\/","title":{"rendered":"Auch f\u00fcr 2019 ein Afrikakalender"},"content":{"rendered":"<p>S\u00f6gel &#8211; Der Verfasser dieses Artikels, der S\u00f6geler Uwe M\u00fcller, ist st\u00e4ndig in der ganzen Welt unterwegs. Sein Schwerpunkt liegt jedoch auf Afrika und dessen Tierwelt. Da er auch Hobbyfotograf ist, bringt er stets packende Bilder von Afrikas Tieren mit. Daraus stellt er seit Jahren gro\u00dfformatige Wandkalender zusammen. Sie haben sich mittlerweile bei vielen zur beliebten Wanddekoration entwickelt.<\/p>\n<p>Bei dem neuen Kalender hat U. M\u00fcller den Schwerpunkt auf Afrikas gro\u00dfe Katzen gelegt. Das Titelblatt ziert eine majest\u00e4tische L\u00f6win, gleich dahinter wird man durchdringend von einem L\u00f6wen angeblickt. Ein friedlich schlafender L\u00f6we mit lockiger M\u00e4hne l\u00e4sst die Gef\u00e4hrlichkeit dieses Tieres vergessen. Zwei Gepardenbr\u00fcder, die in die Kamera schauen, und Leoparden auf B\u00e4umen sowie am Erdboden faszinieren mit ihrer Sch\u00f6nheit. Ein im Wasser fressender m\u00e4chtiger Elefant, im Fluss Grumeti dicht gedr\u00e4ngte Nilpferde und Gnus, die in endloser Karawane w\u00e4hrend ihrer gro\u00dfen Wanderung den Fluss Mara durchqueren, vertreten die weitere afrikanische Tierwelt.<\/p>\n<p>Der Kalender kann gegen eine geringe Geb\u00fchr bei der Druckerei Thyen, Tel. 05952\/98151, in S\u00f6gel erworben werden. U. M\u00fcller verdient nichts an dem Kalender. Er will nur die Sch\u00f6nheit und Faszination der Tierwelt Afrikas mit anderen teilen und so Werbung f\u00fcr die Tiere und deren Erhalt machen.<\/p>\n<p>Text: UM \/ Foto: Thyen<\/p>\n<p><a href=\"https:\/\/www.forum-soegel.de\/information\/2018\/12\/auch-fuer-2019-ein-afrikakalender\/auch-fuer-2019-ein-afrikakalender\/\" rel=\"attachment wp-att-25469\"><img loading=\"lazy\" decoding=\"async\" class=\"alignnone size-medium wp-image-25469\" src=\"https:\/\/www.forum-soegel.de\/information\/wp-content\/uploads\/2018\/12\/Auch-f\u00fcr-2019-ein-Afrikakalender-200x300.jpg\" alt=\"\" width=\"200\" height=\"300\" srcset=\"https:\/\/www.forum-soegel.de\/information\/wp-content\/uploads\/2018\/12\/Auch-f\u00fcr-2019-ein-Afrikakalender-200x300.jpg 200w, https:\/\/www.forum-soegel.de\/information\/wp-content\/uploads\/2018\/12\/Auch-f\u00fcr-2019-ein-Afrikakalender.jpg 512w\" sizes=\"auto, (max-width: 200px) 100vw, 200px\" \/><\/a><\/p>\n<p>&nbsp;<\/p>\n<p>&nbsp;<\/p>\n","protected":false},"excerpt":{"rendered":"S\u00f6gel &#8211; Der Verfasser dieses Artikels, der S\u00f6geler Uwe M\u00fcller, ist st\u00e4ndig in der ganzen Welt unterwegs. Sein Schwerpunkt liegt jedoch auf Afrika und dessen Tierwelt. Da er auch Hobbyfotograf ist, bringt er stets packende Bilder von Afrikas Tieren mit. Daraus stellt er seit Jahren gro\u00dfformatige Wandkalender zusammen. Sie haben sich mittlerweile bei vielen zur [&hellip;]\n","protected":false},"author":2,"featured_media":0,"comment_status":"closed","ping_status":"closed","sticky":false,"template":"","format":"standard","meta":{"ngg_post_thumbnail":0,"footnotes":""},"categories":[3],"tags":[],"class_list":["post-25468","post","type-post","status-publish","format-standard","hentry","category-aktuelles-aus-der-region"],"_links":{"self":[{"href":"https:\/\/www.forum-soegel.de\/information\/wp-json\/wp\/v2\/posts\/25468","targetHints":{"allow":["GET"]}}],"collection":[{"href":"https:\/\/www.forum-soegel.de\/information\/wp-json\/wp\/v2\/posts"}],"about":[{"href":"https:\/\/www.forum-soegel.de\/information\/wp-json\/wp\/v2\/types\/post"}],"author":[{"embeddable":true,"href":"https:\/\/www.forum-soegel.de\/information\/wp-json\/wp\/v2\/users\/2"}],"replies":[{"embeddable":true,"href":"https:\/\/www.forum-soegel.de\/information\/wp-json\/wp\/v2\/comments?post=25468"}],"version-history":[{"count":2,"href":"https:\/\/www.forum-soegel.de\/information\/wp-json\/wp\/v2\/posts\/25468\/revisions"}],"predecessor-version":[{"id":25471,"href":"https:\/\/www.forum-soegel.de\/information\/wp-json\/wp\/v2\/posts\/25468\/revisions\/25471"}],"wp:attachment":[{"href":"https:\/\/www.forum-soegel.de\/information\/wp-json\/wp\/v2\/media?parent=25468"}],"wp:term":[{"taxonomy":"category","embeddable":true,"href":"https:\/\/www.forum-soegel.de\/information\/wp-json\/wp\/v2\/categories?post=25468"},{"taxonomy":"post_tag","embeddable":true,"href":"https:\/\/www.forum-soegel.de\/information\/wp-json\/wp\/v2\/tags?post=25468"}],"curies":[{"name":"wp","href":"https:\/\/api.w.org\/{rel}","templated":true}]}}