{"id":25464,"date":"2018-12-21T19:04:28","date_gmt":"2018-12-21T18:04:28","guid":{"rendered":"https:\/\/www.forum-soegel.de\/information\/?p=25464"},"modified":"2018-12-21T19:04:28","modified_gmt":"2018-12-21T18:04:28","slug":"aktuelles-aus-dem-bundestag","status":"publish","type":"post","link":"https:\/\/www.forum-soegel.de\/information\/2018\/12\/aktuelles-aus-dem-bundestag\/","title":{"rendered":"Aktuelles aus dem Bundestag"},"content":{"rendered":"<p><strong>Gitta Connemann auf dem Fr\u00fchst\u00fcckstreff<\/strong><\/p>\n<p>Spahnharrenst\u00e4tte &#8211; Beim Oktobertreff im L\u00fcns Hus trat die Bundestagsabgeordnete Gitta Connemann als Referentin auf. Wie bekannt, sprach sie frei, offen und \u00fcberzeugend. Zun\u00e4chst \u00fcber ihr Engagement f\u00fcr das Emsland und Ostfriesland, anschlie\u00dfend \u00fcber die allgemeine und aktuelle Arbeit des Bundestages. Im Mittelpunkt ihrer Ausf\u00fchrungen zum ersten Teil stand die positive wirtschaftliche\u00a0 Entwicklung des Emslandes. Sie hob hervor, dass diese Erfolgsregion\u00a0 in Deutschland auf das Miteinander der Menschen, das nicht Abgehobensein, zur\u00fcckzuf\u00fchren ist. Hier herrscht Vollbesch\u00e4ftigung. Eingebunden in die kommerzielle Struktur und damit auch f\u00fcr den Erfolg dieser Region\u00a0 ist\u00a0 der \u00fcberdurchschnittliche Einsatz der Bev\u00f6lkerung f\u00fcr das Ehrenamt.<\/p>\n<p>Mit dem Satz: \u201eDeutschland ist Europa \u2013 Europa ist Angela Merkel\u201c brachte Gitta Connemann zum Ausdruck, dass die Bundespolitik sich eben nicht nur auf Deutschland konzentriert, sondern in zunehmendem Rahmen Europa im Auge hat \u2013 haben muss.<\/p>\n<p>F\u00fcr die Anwesenden war ihr Hinweis, Politiker sind Menschen, die f\u00fcr andere Menschen da sind, einen Applaus wert.<\/p>\n<p>So kann sie bestimmte \u201eDiskussionsrunden\u201c in der Presse und im Fernsehen nicht nachvollziehen.<\/p>\n<p>Neben dem Thema Pflegekr\u00e4fte und den damit verbundenen Ausbildungsver\u00e4nderungen erkl\u00e4rte Gitta Connemann auf Nachfrage aus dem Publikum das Thema Fachbereichssitzungen, die im Fernsehen mit nur begrenzten (40) Teilnehmerzahlen verbunden sind. \u00a0Zum Schluss dieses von den Anwesenden als hochinteressant empfundenen Vortrages sprach sie noch \u00fcber \u00a0zwei ganz pers\u00f6nliche Dinge. Nach dem Abitur war sie Schuhverk\u00e4uferin und &#8211; sie ist halbe Holl\u00e4nderin- ihre Mutter kam aus den Niederlanden. Ein wieder einmal gelungener Fr\u00fchst\u00fccksvormittag, so dankte Hermann Grotjohann Frau Connemann.<\/p>\n<p>Der Dank richtete sich nat\u00fcrlich auch an die ehrenamtliche Fr\u00fchst\u00fcckszubereitung und die beiden Musikanten.<\/p>\n<p>Das n\u00e4chste Fr\u00fchst\u00fcckstreffen findet am 04.12. im B\u00fcrgerhaus Klein Ber\u00dfen statt. Es ist die Adventsfeier.<\/p>\n<p>Die Planung der Freiwilligen- Agentur f\u00fcr 2019 finden Sie im Internet unter <a href=\"https:\/\/www.forum-soegel.de\/\">https:\/\/www.forum-soegel.de\/<\/a><\/p>\n<p>Text\/Foto: Klaus Sch\u00e4ffner<\/p>\n<p><a href=\"https:\/\/www.forum-soegel.de\/information\/2018\/12\/aktuelles-aus-dem-bundestag\/aktuelles-aus-dem-bundestag\/\" rel=\"attachment wp-att-25465\"><img loading=\"lazy\" decoding=\"async\" class=\"alignnone size-medium wp-image-25465\" src=\"https:\/\/www.forum-soegel.de\/information\/wp-content\/uploads\/2018\/12\/Aktuelles-aus-dem-Bundestag-300x169.jpg\" alt=\"\" width=\"300\" height=\"169\" srcset=\"https:\/\/www.forum-soegel.de\/information\/wp-content\/uploads\/2018\/12\/Aktuelles-aus-dem-Bundestag-300x169.jpg 300w, https:\/\/www.forum-soegel.de\/information\/wp-content\/uploads\/2018\/12\/Aktuelles-aus-dem-Bundestag-768x432.jpg 768w, https:\/\/www.forum-soegel.de\/information\/wp-content\/uploads\/2018\/12\/Aktuelles-aus-dem-Bundestag.jpg 1024w\" sizes=\"auto, (max-width: 300px) 100vw, 300px\" \/><\/a><\/p>\n","protected":false},"excerpt":{"rendered":"Gitta Connemann auf dem Fr\u00fchst\u00fcckstreff Spahnharrenst\u00e4tte &#8211; Beim Oktobertreff im L\u00fcns Hus trat die Bundestagsabgeordnete Gitta Connemann als Referentin auf. Wie bekannt, sprach sie frei, offen und \u00fcberzeugend. Zun\u00e4chst \u00fcber ihr Engagement f\u00fcr das Emsland und Ostfriesland, anschlie\u00dfend \u00fcber die allgemeine und aktuelle Arbeit des Bundestages. Im Mittelpunkt ihrer Ausf\u00fchrungen zum ersten Teil stand die [&hellip;]\n","protected":false},"author":2,"featured_media":0,"comment_status":"closed","ping_status":"closed","sticky":false,"template":"","format":"standard","meta":{"ngg_post_thumbnail":0,"footnotes":""},"categories":[3],"tags":[],"class_list":["post-25464","post","type-post","status-publish","format-standard","hentry","category-aktuelles-aus-der-region"],"_links":{"self":[{"href":"https:\/\/www.forum-soegel.de\/information\/wp-json\/wp\/v2\/posts\/25464","targetHints":{"allow":["GET"]}}],"collection":[{"href":"https:\/\/www.forum-soegel.de\/information\/wp-json\/wp\/v2\/posts"}],"about":[{"href":"https:\/\/www.forum-soegel.de\/information\/wp-json\/wp\/v2\/types\/post"}],"author":[{"embeddable":true,"href":"https:\/\/www.forum-soegel.de\/information\/wp-json\/wp\/v2\/users\/2"}],"replies":[{"embeddable":true,"href":"https:\/\/www.forum-soegel.de\/information\/wp-json\/wp\/v2\/comments?post=25464"}],"version-history":[{"count":2,"href":"https:\/\/www.forum-soegel.de\/information\/wp-json\/wp\/v2\/posts\/25464\/revisions"}],"predecessor-version":[{"id":25467,"href":"https:\/\/www.forum-soegel.de\/information\/wp-json\/wp\/v2\/posts\/25464\/revisions\/25467"}],"wp:attachment":[{"href":"https:\/\/www.forum-soegel.de\/information\/wp-json\/wp\/v2\/media?parent=25464"}],"wp:term":[{"taxonomy":"category","embeddable":true,"href":"https:\/\/www.forum-soegel.de\/information\/wp-json\/wp\/v2\/categories?post=25464"},{"taxonomy":"post_tag","embeddable":true,"href":"https:\/\/www.forum-soegel.de\/information\/wp-json\/wp\/v2\/tags?post=25464"}],"curies":[{"name":"wp","href":"https:\/\/api.w.org\/{rel}","templated":true}]}}