{"id":2546,"date":"2010-07-01T00:41:24","date_gmt":"2010-06-30T22:41:24","guid":{"rendered":"https:\/\/www.forum-soegel.de\/information\/?p=2546"},"modified":"2010-06-29T22:44:39","modified_gmt":"2010-06-29T20:44:39","slug":"public-viewing-auf-dem-sogeler-marktplatz","status":"publish","type":"post","link":"https:\/\/www.forum-soegel.de\/information\/2010\/07\/public-viewing-auf-dem-sogeler-marktplatz\/","title":{"rendered":"Public Viewing auf dem S\u00f6geler Marktplatz"},"content":{"rendered":"<p>In S\u00f6gel wurden die Fu\u00dfball-Spiele der deutschen Mannschaft auf der LED-Leinwand gezeigt. Zum Auftakt der \u00dcbertragungen verwandelte sich der Marktplatz in eine stimmungsvolle Fu\u00dfballarena. Gr\u00fcner Kunstrasen, Fahnen und Fanartikel sorgten f\u00fcr ein rundum gelungenes Ambiente. Reihum herrschte tolle Stimmung, und mit Spannung fieberte man dem Anpfiff zur Partie der deutschen Kicker entgegen. Da gleich das erste Spiel mit einem 4:0 endete, entfachte ein wahrer Freudentaumel unter den G\u00e4sten.<\/p>\n<p>Text\/Foto: IC<\/p>\n<p><a href=\"https:\/\/www.forum-soegel.de\/information\/wp-content\/uploads\/2010\/06\/Public-Viewing-1.jpg\"><img loading=\"lazy\" decoding=\"async\" class=\"alignnone size-thumbnail wp-image-2547\" title=\"Public Viewing 1\" src=\"https:\/\/www.forum-soegel.de\/information\/wp-content\/uploads\/2010\/06\/Public-Viewing-1-150x150.jpg\" alt=\"\" width=\"150\" height=\"150\" \/><\/a>\u00a0 <a href=\"https:\/\/www.forum-soegel.de\/information\/wp-content\/uploads\/2010\/06\/Public-Viewing-2.jpg\"><img loading=\"lazy\" decoding=\"async\" class=\"alignnone size-thumbnail wp-image-2548\" title=\"Public Viewing 2\" src=\"https:\/\/www.forum-soegel.de\/information\/wp-content\/uploads\/2010\/06\/Public-Viewing-2-150x150.jpg\" alt=\"\" width=\"150\" height=\"150\" \/><\/a>\u00a0 <a href=\"https:\/\/www.forum-soegel.de\/information\/wp-content\/uploads\/2010\/06\/Public-Viewing-3.jpg\"><img loading=\"lazy\" decoding=\"async\" class=\"alignnone size-thumbnail wp-image-2549\" title=\"Public Viewing 3\" src=\"https:\/\/www.forum-soegel.de\/information\/wp-content\/uploads\/2010\/06\/Public-Viewing-3-150x150.jpg\" alt=\"\" width=\"150\" height=\"150\" \/><\/a><\/p>\n","protected":false},"excerpt":{"rendered":"In S\u00f6gel wurden die Fu\u00dfball-Spiele der deutschen Mannschaft auf der LED-Leinwand gezeigt. Zum Auftakt der \u00dcbertragungen verwandelte sich der Marktplatz in eine stimmungsvolle Fu\u00dfballarena. Gr\u00fcner Kunstrasen, Fahnen und Fanartikel sorgten f\u00fcr ein rundum gelungenes Ambiente. Reihum herrschte tolle Stimmung, und mit Spannung fieberte man dem Anpfiff zur Partie der deutschen Kicker entgegen. Da gleich das [&hellip;]\n","protected":false},"author":2,"featured_media":0,"comment_status":"closed","ping_status":"closed","sticky":false,"template":"","format":"standard","meta":{"ngg_post_thumbnail":0,"footnotes":""},"categories":[3],"tags":[],"class_list":["post-2546","post","type-post","status-publish","format-standard","hentry","category-aktuelles-aus-der-region"],"_links":{"self":[{"href":"https:\/\/www.forum-soegel.de\/information\/wp-json\/wp\/v2\/posts\/2546","targetHints":{"allow":["GET"]}}],"collection":[{"href":"https:\/\/www.forum-soegel.de\/information\/wp-json\/wp\/v2\/posts"}],"about":[{"href":"https:\/\/www.forum-soegel.de\/information\/wp-json\/wp\/v2\/types\/post"}],"author":[{"embeddable":true,"href":"https:\/\/www.forum-soegel.de\/information\/wp-json\/wp\/v2\/users\/2"}],"replies":[{"embeddable":true,"href":"https:\/\/www.forum-soegel.de\/information\/wp-json\/wp\/v2\/comments?post=2546"}],"version-history":[{"count":2,"href":"https:\/\/www.forum-soegel.de\/information\/wp-json\/wp\/v2\/posts\/2546\/revisions"}],"predecessor-version":[{"id":2551,"href":"https:\/\/www.forum-soegel.de\/information\/wp-json\/wp\/v2\/posts\/2546\/revisions\/2551"}],"wp:attachment":[{"href":"https:\/\/www.forum-soegel.de\/information\/wp-json\/wp\/v2\/media?parent=2546"}],"wp:term":[{"taxonomy":"category","embeddable":true,"href":"https:\/\/www.forum-soegel.de\/information\/wp-json\/wp\/v2\/categories?post=2546"},{"taxonomy":"post_tag","embeddable":true,"href":"https:\/\/www.forum-soegel.de\/information\/wp-json\/wp\/v2\/tags?post=2546"}],"curies":[{"name":"wp","href":"https:\/\/api.w.org\/{rel}","templated":true}]}}