{"id":2535,"date":"2010-07-01T00:25:54","date_gmt":"2010-06-30T22:25:54","guid":{"rendered":"https:\/\/www.forum-soegel.de\/information\/?p=2535"},"modified":"2010-06-30T20:52:40","modified_gmt":"2010-06-30T18:52:40","slug":"kindermusical-%e2%80%9edas-kleine-ich-bin-ich%e2%80%9c-begeisterte-die-zuhorer","status":"publish","type":"post","link":"https:\/\/www.forum-soegel.de\/information\/2010\/07\/kindermusical-%e2%80%9edas-kleine-ich-bin-ich%e2%80%9c-begeisterte-die-zuhorer\/","title":{"rendered":"Kindermusical \u201eDas kleine Ich bin Ich\u201c begeisterte die Zuh\u00f6rer"},"content":{"rendered":"<p><a href=\"https:\/\/www.forum-soegel.de\/information\/wp-content\/uploads\/2010\/06\/Kindermusical.jpg\"><img loading=\"lazy\" decoding=\"async\" class=\"alignnone size-thumbnail wp-image-2537\" title=\"Kindermusical\" src=\"https:\/\/www.forum-soegel.de\/information\/wp-content\/uploads\/2010\/06\/Kindermusical-150x150.jpg\" alt=\"\" width=\"150\" height=\"150\" \/><\/a>Im Rahmen des Pfarrfestes St. Jakobus S\u00f6gel haben Vorschulkinder und Kinder bis zur 3. Klasse unter der Leitung von Frauke Sparfeldt und Andrea Wassenberg das Kindermusical \u201eDas kleine Ich bin Ich\u201c in der St. Jakobus Kirche aufgef\u00fchrt, das durch Richard Pomberg als Sprecher erg\u00e4nzt wurde. Das St\u00fcck von Mira Lobe erz\u00e4hlt die Geschichte eines kleinen Wesens, das ganz anders ist, als all die anderen Tiere, die ihm begegnen. Das bunte Tier wei\u00df seinen Namen nicht, wei\u00df nicht, wer es ist. Zur Selbsterkenntnis gelangt es allerdings erst, als der Frosch es fragt, wer es denn sei. Es findet schlie\u00dflich die Antwort in sich selbst \u2013 \u201eIch bin ich\u201c!<\/p>\n<p>Nicht nur den Kindern, sondern auch den begeisterten Zuh\u00f6rern wurde mit dieser wunderbar inszenierten Geschichte deutlich gemacht, dass sie einmalig und einzigartig sind, dass sie, so wie sie sind, als Gesch\u00f6pf liebenswert und wichtig sind und dass es jedes Lebewesen in seiner ganz eigenen Art zu achten gilt.<\/p>\n<p>Das gro\u00dfe Publikum war beeindruckt von den klaren Ges\u00e4ngen und den angefertigten bunten Kost\u00fcmen. Sie bedankten sich mit anhaltendem Applaus und waren der Meinung:<\/p>\n<p>\u201cDie Kinder haben f\u00fcr diese gelungene Auff\u00fchrung Lob und Respekt verdient\u201c.<\/p>\n<p>\u00a0<a href=\"https:\/\/www.forum-soegel.de\/information\/wp-content\/uploads\/2010\/06\/Kindermusical-Foto.jpg\"><img loading=\"lazy\" decoding=\"async\" class=\"alignnone size-thumbnail wp-image-2536\" title=\"Kindermusical Foto\" src=\"https:\/\/www.forum-soegel.de\/information\/wp-content\/uploads\/2010\/06\/Kindermusical-Foto-150x150.jpg\" alt=\"\" width=\"150\" height=\"150\" \/><\/a>\u00a0<\/p>\n<p>Text\/Foto: Gisela Arling<\/p>\n","protected":false},"excerpt":{"rendered":"Im Rahmen des Pfarrfestes St. Jakobus S\u00f6gel haben Vorschulkinder und Kinder bis zur 3. Klasse unter der Leitung von Frauke Sparfeldt und Andrea Wassenberg das Kindermusical \u201eDas kleine Ich bin Ich\u201c in der St. Jakobus Kirche aufgef\u00fchrt, das durch Richard Pomberg als Sprecher erg\u00e4nzt wurde. Das St\u00fcck von Mira Lobe erz\u00e4hlt die Geschichte eines kleinen [&hellip;]\n","protected":false},"author":2,"featured_media":0,"comment_status":"closed","ping_status":"closed","sticky":false,"template":"","format":"standard","meta":{"ngg_post_thumbnail":0,"footnotes":""},"categories":[6],"tags":[376],"class_list":["post-2535","post","type-post","status-publish","format-standard","hentry","category-aus-der-schule-geplaudert","tag-kindermusical"],"_links":{"self":[{"href":"https:\/\/www.forum-soegel.de\/information\/wp-json\/wp\/v2\/posts\/2535","targetHints":{"allow":["GET"]}}],"collection":[{"href":"https:\/\/www.forum-soegel.de\/information\/wp-json\/wp\/v2\/posts"}],"about":[{"href":"https:\/\/www.forum-soegel.de\/information\/wp-json\/wp\/v2\/types\/post"}],"author":[{"embeddable":true,"href":"https:\/\/www.forum-soegel.de\/information\/wp-json\/wp\/v2\/users\/2"}],"replies":[{"embeddable":true,"href":"https:\/\/www.forum-soegel.de\/information\/wp-json\/wp\/v2\/comments?post=2535"}],"version-history":[{"count":4,"href":"https:\/\/www.forum-soegel.de\/information\/wp-json\/wp\/v2\/posts\/2535\/revisions"}],"predecessor-version":[{"id":2539,"href":"https:\/\/www.forum-soegel.de\/information\/wp-json\/wp\/v2\/posts\/2535\/revisions\/2539"}],"wp:attachment":[{"href":"https:\/\/www.forum-soegel.de\/information\/wp-json\/wp\/v2\/media?parent=2535"}],"wp:term":[{"taxonomy":"category","embeddable":true,"href":"https:\/\/www.forum-soegel.de\/information\/wp-json\/wp\/v2\/categories?post=2535"},{"taxonomy":"post_tag","embeddable":true,"href":"https:\/\/www.forum-soegel.de\/information\/wp-json\/wp\/v2\/tags?post=2535"}],"curies":[{"name":"wp","href":"https:\/\/api.w.org\/{rel}","templated":true}]}}