{"id":2527,"date":"2010-07-01T00:04:34","date_gmt":"2010-06-30T22:04:34","guid":{"rendered":"https:\/\/www.forum-soegel.de\/information\/?p=2527"},"modified":"2010-06-30T08:40:41","modified_gmt":"2010-06-30T06:40:41","slug":"gelungenes-pfarrfest-in-st-jakobus-sogel","status":"publish","type":"post","link":"https:\/\/www.forum-soegel.de\/information\/2010\/07\/gelungenes-pfarrfest-in-st-jakobus-sogel\/","title":{"rendered":"Gelungenes Pfarrfest in St. Jakobus S\u00f6gel"},"content":{"rendered":"<p>\u00dcber viele Besucher konnten sich die Organisatoren des Pfarrfestes St. Jakobus am 12. und 13. Juni freuen. Zum Auftakt gab es am Samstag einen Festgottesdienst in der St. Jakobus-Kirche zum Thema: \u00b4T\u00fcren \u00f6ffnen \u2013 lass rein, die drau\u00dfen sind`. Ganz in diesem Sinne fanden sich dann mehrere hundert Besucher auf dem Marktplatz ein, um unter anderem die Bilder von der Romfahrt der Pfarreiengemeinschaft S\u00f6gel im M\u00e4rz dieses Jahres auf der neuen LED-Wand zu sehen. Die Kolpingkapelle sorgte mit ihren musikalischen Beitr\u00e4gen f\u00fcr einen stimmungsvollen Einstieg. Auch wenn es etwas k\u00fchl war, die Atmosph\u00e4re war sch\u00f6n, und die zahlreich erschienenen G\u00e4ste \u2013 unter ihnen waren sehr viele mit den gr\u00fcnen Schals von der Romreise \u2013 unterhielten sich noch lange bei frischer Pizza, Grillwurst und einem Gl\u00e4schen Wein. Indes sorgten zwei Jugendbands mit ihrer tollen Live-Musik f\u00fcr gute Unterhaltung.<\/p>\n<p>Das Sonntagsprogramm startete mit einem Familiengottesdienst, der von den Kindergartenkindern mitgestaltet wurde. Es schloss sich ein Fr\u00fchschoppen an, bei dem die Kolpingkapelle f\u00fcr die musikalische Unterhaltung sorgte und es f\u00fcr die ganze Familie Gelegenheit zum Mittagessen gab. Das Essensangebot war reichlich und reichte von frischen selbst gemachten Salaten der Landfrauen sowie K\u00f6stlichkeiten aus der Pfanne bis zu W\u00fcrstchen vom Grill. Die Jugendlichen der KJS boten verschiedene Pizzast\u00fccke an.<\/p>\n<p>Viel Abwechselung gab es f\u00fcr die Kinder mit einer Kletterwand, einem Riesenpuzzle, einer Torwand, Kutschfahrten und Kinderschminken, bei dem so manches Kind von den Helfern der KJS zum Tiger oder Schmetterling verwandelt wurde. Das Highlight f\u00fcr die j\u00fcngsten Besucher war ein spannendes Kaspertheater im Kindergarten mit Frau Welling. Zwischendurch wurden immer wieder Gewinne der Schrotttombola herausgegeben. Viele Lacher hatte die kfd-Sketchgruppe mit ihrer Auff\u00fchrung \u201eDer Arztbesuch\u201c auf ihrer Seite. Das Kindermusical \u201eDas kleine Ich bin Ich\u201c, das unter der Leitung von Frauke Sparfeldt und Andrea Wassenberg mit ca. 50 Kindern in der St. Jakobus-Kirche aufgef\u00fchrt wurde, hatte viele Besucher in die Kirche gelockt und war der H\u00f6hepunkt des Nachmittagsprogramms. Im Anschluss daran war die gut best\u00fcckte Kaffeetheke der kfd Anziehungspunkt f\u00fcr die ganze Familie. Rechtzeitig zum Anpfiff des Fu\u00dfballspiels Deutschland gegen Australien waren die vielen Helfer mit den Aufr\u00e4umarbeiten fertig, so dass sie noch das Public Viewing auf dem Marktplatz genie\u00dfen konnten.<\/p>\n<p><a href=\"https:\/\/www.forum-soegel.de\/information\/wp-content\/uploads\/2010\/07\/Pfarrfest-1.jpg\"><img loading=\"lazy\" decoding=\"async\" class=\"alignnone size-thumbnail wp-image-2552\" title=\"Pfarrfest 1\" src=\"https:\/\/www.forum-soegel.de\/information\/wp-content\/uploads\/2010\/07\/Pfarrfest-1-150x150.jpg\" alt=\"\" width=\"150\" height=\"150\" \/><\/a>\u00a0 <a href=\"https:\/\/www.forum-soegel.de\/information\/wp-content\/uploads\/2010\/07\/Pfarrfest.jpg\"><img loading=\"lazy\" decoding=\"async\" class=\"alignnone size-thumbnail wp-image-2553\" title=\"Pfarrfest\" src=\"https:\/\/www.forum-soegel.de\/information\/wp-content\/uploads\/2010\/07\/Pfarrfest-150x150.jpg\" alt=\"\" width=\"150\" height=\"150\" \/><\/a><\/p>\n","protected":false},"excerpt":{"rendered":"\u00dcber viele Besucher konnten sich die Organisatoren des Pfarrfestes St. Jakobus am 12. und 13. Juni freuen. Zum Auftakt gab es am Samstag einen Festgottesdienst in der St. Jakobus-Kirche zum Thema: \u00b4T\u00fcren \u00f6ffnen \u2013 lass rein, die drau\u00dfen sind`. Ganz in diesem Sinne fanden sich dann mehrere hundert Besucher auf dem Marktplatz ein, um unter [&hellip;]\n","protected":false},"author":2,"featured_media":0,"comment_status":"closed","ping_status":"closed","sticky":false,"template":"","format":"standard","meta":{"ngg_post_thumbnail":0,"footnotes":""},"categories":[3],"tags":[],"class_list":["post-2527","post","type-post","status-publish","format-standard","hentry","category-aktuelles-aus-der-region"],"_links":{"self":[{"href":"https:\/\/www.forum-soegel.de\/information\/wp-json\/wp\/v2\/posts\/2527","targetHints":{"allow":["GET"]}}],"collection":[{"href":"https:\/\/www.forum-soegel.de\/information\/wp-json\/wp\/v2\/posts"}],"about":[{"href":"https:\/\/www.forum-soegel.de\/information\/wp-json\/wp\/v2\/types\/post"}],"author":[{"embeddable":true,"href":"https:\/\/www.forum-soegel.de\/information\/wp-json\/wp\/v2\/users\/2"}],"replies":[{"embeddable":true,"href":"https:\/\/www.forum-soegel.de\/information\/wp-json\/wp\/v2\/comments?post=2527"}],"version-history":[{"count":3,"href":"https:\/\/www.forum-soegel.de\/information\/wp-json\/wp\/v2\/posts\/2527\/revisions"}],"predecessor-version":[{"id":2529,"href":"https:\/\/www.forum-soegel.de\/information\/wp-json\/wp\/v2\/posts\/2527\/revisions\/2529"}],"wp:attachment":[{"href":"https:\/\/www.forum-soegel.de\/information\/wp-json\/wp\/v2\/media?parent=2527"}],"wp:term":[{"taxonomy":"category","embeddable":true,"href":"https:\/\/www.forum-soegel.de\/information\/wp-json\/wp\/v2\/categories?post=2527"},{"taxonomy":"post_tag","embeddable":true,"href":"https:\/\/www.forum-soegel.de\/information\/wp-json\/wp\/v2\/tags?post=2527"}],"curies":[{"name":"wp","href":"https:\/\/api.w.org\/{rel}","templated":true}]}}