{"id":2517,"date":"2010-07-01T00:41:25","date_gmt":"2010-06-30T22:41:25","guid":{"rendered":"https:\/\/www.forum-soegel.de\/information\/?p=2517"},"modified":"2010-06-29T18:53:07","modified_gmt":"2010-06-29T16:53:07","slug":"abenteuer-im-pfarrgarten","status":"publish","type":"post","link":"https:\/\/www.forum-soegel.de\/information\/2010\/07\/abenteuer-im-pfarrgarten\/","title":{"rendered":"Abenteuer im Pfarrgarten"},"content":{"rendered":"<p>Der Pfarrgarten wird zum Zeltplatz und V\u00e4ter mit ihren Kindern erobern den Glockenturm der Kirche.<\/p>\n<p>40 V\u00e4ter mit ihren Kindern zelteten im Pfarrgarten der Kath. Kirchengemeinde St. Jakobus S\u00f6gel.<\/p>\n<p>Pastor Horstmann begleitete die V\u00e4ter auf dem abenteuerlichen Weg in den Glockenturm. Beim abendlichen Lagerfeuer gab es viele Geschichten und es wurden Lieder gesungen.<\/p>\n<p>F\u00fcr die Kinder und V\u00e4ter war es ein tolles Erlebnis und sie haben es genossen.<\/p>\n<p>Im Rahmen der j\u00e4hrlichen Erz\u00e4hlwerkstatt f\u00fcr V\u00e4ter soll es ab nun jedes Jahr ein Vater-Kind-Zelten geben.<\/p>\n<p>Die Erz\u00e4hlwerkstatt bietet nicht nur einen interessanten Gespr\u00e4chsaustausch f\u00fcr V\u00e4ter in lockerer Runde und religi\u00f6se Impulse, sondern auch Raum f\u00fcr aktuelle Themen und Erziehungsfragen. Gleichzeitig wird bei diesem Treffen ein Event mit einer Vater-Kind-Aktion geplant.<\/p>\n<p>Die n\u00e4chste Erz\u00e4hlwerkstatt findet wieder im November im Familienzentrum statt.<\/p>\n<p>\u00a0<a href=\"https:\/\/www.forum-soegel.de\/information\/wp-content\/uploads\/2010\/06\/Abenteuer-im-Pfarrgarten.jpg\"><img loading=\"lazy\" decoding=\"async\" class=\"alignnone size-medium wp-image-2518\" title=\"Abenteuer im Pfarrgarten\" src=\"https:\/\/www.forum-soegel.de\/information\/wp-content\/uploads\/2010\/06\/Abenteuer-im-Pfarrgarten-300x231.jpg\" alt=\"\" width=\"300\" height=\"231\" srcset=\"https:\/\/www.forum-soegel.de\/information\/wp-content\/uploads\/2010\/06\/Abenteuer-im-Pfarrgarten-300x231.jpg 300w, https:\/\/www.forum-soegel.de\/information\/wp-content\/uploads\/2010\/06\/Abenteuer-im-Pfarrgarten.jpg 1024w\" sizes=\"auto, (max-width: 300px) 100vw, 300px\" \/><\/a><\/p>\n<p>Text\/Foto: Irmgard Welling, Kindergarten S\u00f6gel<\/p>\n","protected":false},"excerpt":{"rendered":"Der Pfarrgarten wird zum Zeltplatz und V\u00e4ter mit ihren Kindern erobern den Glockenturm der Kirche. 40 V\u00e4ter mit ihren Kindern zelteten im Pfarrgarten der Kath. Kirchengemeinde St. Jakobus S\u00f6gel. Pastor Horstmann begleitete die V\u00e4ter auf dem abenteuerlichen Weg in den Glockenturm. Beim abendlichen Lagerfeuer gab es viele Geschichten und es wurden Lieder gesungen. F\u00fcr die [&hellip;]\n","protected":false},"author":2,"featured_media":0,"comment_status":"closed","ping_status":"closed","sticky":false,"template":"","format":"standard","meta":{"ngg_post_thumbnail":0,"footnotes":""},"categories":[3],"tags":[],"class_list":["post-2517","post","type-post","status-publish","format-standard","hentry","category-aktuelles-aus-der-region"],"_links":{"self":[{"href":"https:\/\/www.forum-soegel.de\/information\/wp-json\/wp\/v2\/posts\/2517","targetHints":{"allow":["GET"]}}],"collection":[{"href":"https:\/\/www.forum-soegel.de\/information\/wp-json\/wp\/v2\/posts"}],"about":[{"href":"https:\/\/www.forum-soegel.de\/information\/wp-json\/wp\/v2\/types\/post"}],"author":[{"embeddable":true,"href":"https:\/\/www.forum-soegel.de\/information\/wp-json\/wp\/v2\/users\/2"}],"replies":[{"embeddable":true,"href":"https:\/\/www.forum-soegel.de\/information\/wp-json\/wp\/v2\/comments?post=2517"}],"version-history":[{"count":2,"href":"https:\/\/www.forum-soegel.de\/information\/wp-json\/wp\/v2\/posts\/2517\/revisions"}],"predecessor-version":[{"id":2520,"href":"https:\/\/www.forum-soegel.de\/information\/wp-json\/wp\/v2\/posts\/2517\/revisions\/2520"}],"wp:attachment":[{"href":"https:\/\/www.forum-soegel.de\/information\/wp-json\/wp\/v2\/media?parent=2517"}],"wp:term":[{"taxonomy":"category","embeddable":true,"href":"https:\/\/www.forum-soegel.de\/information\/wp-json\/wp\/v2\/categories?post=2517"},{"taxonomy":"post_tag","embeddable":true,"href":"https:\/\/www.forum-soegel.de\/information\/wp-json\/wp\/v2\/tags?post=2517"}],"curies":[{"name":"wp","href":"https:\/\/api.w.org\/{rel}","templated":true}]}}