{"id":24961,"date":"2018-09-28T20:20:30","date_gmt":"2018-09-28T18:20:30","guid":{"rendered":"https:\/\/www.forum-soegel.de\/information\/?p=24961"},"modified":"2018-09-28T20:23:31","modified_gmt":"2018-09-28T18:23:31","slug":"auto-als-hauptgewinn-sascha-jansen-gluecklicher-gewinner","status":"publish","type":"post","link":"https:\/\/www.forum-soegel.de\/information\/2018\/09\/auto-als-hauptgewinn-sascha-jansen-gluecklicher-gewinner\/","title":{"rendered":"Auto als Hauptgewinn \u2013 Sascha Jansen gl\u00fccklicher Gewinner"},"content":{"rendered":"<p style=\"font-weight: 400;\">Der S\u00f6geler Wirtschaftsverband hat sich in diesem Jahr zur S\u00f6geler Kirmes richtig ins Zeug gelegt. Die Verlosung wurde verst\u00e4rkt, erstmals gab es ein Auto als Hauptgewinn. Als Mitsponsor konnte Carsten Bartels gewonnen werden, der einen Mitsubishi Space Star zu Verf\u00fcgung gestellt hat. Sascha Jansen war der gl\u00fccklicher Gewinner, dessen Los die Losfee Lotta Santel aus der gro\u00dfen Losbox zog. Voller Freude nahm er den Autoschl\u00fcssel aus den H\u00e4nden von der Vorsitzenden des Wirtschaftsverbandes Anja Deeken-Rickermann entgegen. Allj\u00e4hrlich lockt die Verlosung viele G\u00e4ste auch aus der n\u00e4heren Umgebung zur S\u00f6geler Kirmes. Mehr als 500 Zuschauer hatten sich zur Verlosung auf dem Kirmesplatz eingefunden. In diesem Jahr gab es nicht nur \u00a0ein Auto als Hauptgewinn, es wurden auch mehr als 200 Sofortgewinne angeboten. Vorstandsmitglieder Dirk Vagedes und Peter Moritz zogen ein positives Res\u00fcmee. \u201eDer Arbeitskreis Marketing hat keine M\u00fche gescheut, die Verlosung neu auf dem Weg zu bringen. Die Rechnung ist aufgegangen \u2013 auf diesen Erfolg k\u00f6nnen wir aufbauen.\u201c<\/p>\n<p style=\"font-weight: 400;\">Foto\/Text: Wirtschaftsverband\u00a0<span data-cmp_parsed_location_name=\"S\u00f6gel\" data-cmp_parsed_location_weather=\"K03454047\" data-cmp_parsed_location_other=\"0\" data-ce-class=\"Locations\">S\u00f6gel<\/span><\/p>\n<p><a href=\"https:\/\/www.forum-soegel.de\/information\/2018\/09\/auto-als-hauptgewinn-sascha-jansen-gluecklicher-gewinner\/gewinner-jansen\/\" rel=\"attachment wp-att-24964\"><img loading=\"lazy\" decoding=\"async\" class=\"alignnone size-medium wp-image-24964\" src=\"https:\/\/www.forum-soegel.de\/information\/wp-content\/uploads\/2018\/09\/Gewinner-Jansen-300x225.jpg\" alt=\"\" width=\"300\" height=\"225\" srcset=\"https:\/\/www.forum-soegel.de\/information\/wp-content\/uploads\/2018\/09\/Gewinner-Jansen-300x225.jpg 300w, https:\/\/www.forum-soegel.de\/information\/wp-content\/uploads\/2018\/09\/Gewinner-Jansen-768x576.jpg 768w, https:\/\/www.forum-soegel.de\/information\/wp-content\/uploads\/2018\/09\/Gewinner-Jansen-1024x768.jpg 1024w\" sizes=\"auto, (max-width: 300px) 100vw, 300px\" \/><\/a><\/p>\n","protected":false},"excerpt":{"rendered":"Der S\u00f6geler Wirtschaftsverband hat sich in diesem Jahr zur S\u00f6geler Kirmes richtig ins Zeug gelegt. Die Verlosung wurde verst\u00e4rkt, erstmals gab es ein Auto als Hauptgewinn. Als Mitsponsor konnte Carsten Bartels gewonnen werden, der einen Mitsubishi Space Star zu Verf\u00fcgung gestellt hat. Sascha Jansen war der gl\u00fccklicher Gewinner, dessen Los die Losfee Lotta Santel aus [&hellip;]\n","protected":false},"author":2,"featured_media":0,"comment_status":"closed","ping_status":"closed","sticky":false,"template":"","format":"standard","meta":{"ngg_post_thumbnail":0,"footnotes":""},"categories":[3],"tags":[],"class_list":["post-24961","post","type-post","status-publish","format-standard","hentry","category-aktuelles-aus-der-region"],"_links":{"self":[{"href":"https:\/\/www.forum-soegel.de\/information\/wp-json\/wp\/v2\/posts\/24961","targetHints":{"allow":["GET"]}}],"collection":[{"href":"https:\/\/www.forum-soegel.de\/information\/wp-json\/wp\/v2\/posts"}],"about":[{"href":"https:\/\/www.forum-soegel.de\/information\/wp-json\/wp\/v2\/types\/post"}],"author":[{"embeddable":true,"href":"https:\/\/www.forum-soegel.de\/information\/wp-json\/wp\/v2\/users\/2"}],"replies":[{"embeddable":true,"href":"https:\/\/www.forum-soegel.de\/information\/wp-json\/wp\/v2\/comments?post=24961"}],"version-history":[{"count":2,"href":"https:\/\/www.forum-soegel.de\/information\/wp-json\/wp\/v2\/posts\/24961\/revisions"}],"predecessor-version":[{"id":24965,"href":"https:\/\/www.forum-soegel.de\/information\/wp-json\/wp\/v2\/posts\/24961\/revisions\/24965"}],"wp:attachment":[{"href":"https:\/\/www.forum-soegel.de\/information\/wp-json\/wp\/v2\/media?parent=24961"}],"wp:term":[{"taxonomy":"category","embeddable":true,"href":"https:\/\/www.forum-soegel.de\/information\/wp-json\/wp\/v2\/categories?post=24961"},{"taxonomy":"post_tag","embeddable":true,"href":"https:\/\/www.forum-soegel.de\/information\/wp-json\/wp\/v2\/tags?post=24961"}],"curies":[{"name":"wp","href":"https:\/\/api.w.org\/{rel}","templated":true}]}}