{"id":24947,"date":"2018-09-28T20:14:52","date_gmt":"2018-09-28T18:14:52","guid":{"rendered":"https:\/\/www.forum-soegel.de\/information\/?p=24947"},"modified":"2018-09-28T20:14:52","modified_gmt":"2018-09-28T18:14:52","slug":"cdu-fraktion-votiert-fuer-dunkelampel-am-zweiten-marktplatz","status":"publish","type":"post","link":"https:\/\/www.forum-soegel.de\/information\/2018\/09\/cdu-fraktion-votiert-fuer-dunkelampel-am-zweiten-marktplatz\/","title":{"rendered":"CDU-Fraktion votiert f\u00fcr Dunkelampel am zweiten Marktplatz"},"content":{"rendered":"<p>S\u00f6gel &#8211; Sofern auch die Verkehrssicherheitskommission die Installation bef\u00fcrwortet, m\u00f6chte die CDU-Fraktion im Gemeinderat S\u00f6gel so schnell wie m\u00f6glich eine Dunkelampel am \u00dcbergang vom zweiten Marktplatz zu Knippers Kohlenhof realisieren.<\/p>\n<p>Nach entsprechenden Beratungen auch mit der Polizei S\u00f6gel und einem Ortstermin der Verkehrssicherheitskommission hat sich ein Arbeitskreis der CDU-Fraktion im S\u00f6geler Gemeinderat noch einmal intensiv mit der Thematik befasst. \u201eDas \u00dcberqueren von der OLB \u00fcber die Marktstra\u00dfe zum Parktplatz Rossmann-Aldi ist wegen der stark befahrenen Marktstra\u00dfe f\u00fcr Fu\u00dfg\u00e4nger, Radfahrer und besonders f\u00fcr Rollstuhlfahrer eine schwierige und nicht ungef\u00e4hrliche Angelegenheit\u201c, stellte CDU-Fraktionsvorsitzender Adolf Jelges fest. Auch wenn die Polizei bisher kein Unfallgeschehen mit querenden Fu\u00dfg\u00e4ngern verzeichnet habe, sei die Gefahr dennoch gro\u00df und ein Unfall m\u00f6glicherweise nur eine Frage der Zeit. \u201eDie Unsicherheit an diesem Knotenpunkt brennt vielen S\u00f6geler B\u00fcrgern auf der Seele.<\/p>\n<p>Einen Zebrastreifen zu realisieren, davon h\u00e4tten die Verkehrsexperten dringend abgeraten. Auch wenn er landl\u00e4ufig als sichere \u00dcberquerungshilfe gesehen werde, sei statistisch nachweisbar, dass ein Fu\u00dfg\u00e4nger\u00fcberweg ein hohes Unfallgeschehen nach sich ziehe. Auch der Zebrastreifen am Hotel Clemenswerther Hof habe sich zu einem Unfallschwerpunkt entwickelt. Der Gemeinderat habe f\u00fcr diesen Knotenpunkt daher die Installation von Barrieren beschlossen, die Radfahrer die Notwendigkeit des Absteigens an diesem Zebrastreifen vor Augen f\u00fchren sollten.<\/p>\n<p>\u201eWir werden uns jetzt noch einmal mit der Verkehrssicherheitskommission beraten, um die bestm\u00f6gliche L\u00f6sung f\u00fcr diesen Verkehrspunkt zu finden\u201c, sagte Fraktionsvorsitzender Adolf Jelges. Die CDU-Fraktion habe sich daf\u00fcr ausgesprochen, das Thema zeitnah zu erledigen und bei entsprechender Unterst\u00fctzung von Verkehrsfachleuten eine Dunkelampel zu installieren.<\/p>\n<p>Text\/Foto: Gisela Arling<\/p>\n<p><a href=\"https:\/\/www.forum-soegel.de\/information\/2018\/09\/cdu-fraktion-votiert-fuer-dunkelampel-am-zweiten-marktplatz\/cdu-fraktion-votiert-fuer-dunkelampel-am-zweiten-marktplatz-1\/\" rel=\"attachment wp-att-24948\"><img loading=\"lazy\" decoding=\"async\" class=\"alignnone size-medium wp-image-24948\" src=\"https:\/\/www.forum-soegel.de\/information\/wp-content\/uploads\/2018\/09\/CDU-Fraktion-votiert-f\u00fcr-Dunkelampel-am-zweiten-Marktplatz-1-300x199.jpg\" alt=\"\" width=\"300\" height=\"199\" srcset=\"https:\/\/www.forum-soegel.de\/information\/wp-content\/uploads\/2018\/09\/CDU-Fraktion-votiert-f\u00fcr-Dunkelampel-am-zweiten-Marktplatz-1-300x199.jpg 300w, https:\/\/www.forum-soegel.de\/information\/wp-content\/uploads\/2018\/09\/CDU-Fraktion-votiert-f\u00fcr-Dunkelampel-am-zweiten-Marktplatz-1-768x510.jpg 768w, https:\/\/www.forum-soegel.de\/information\/wp-content\/uploads\/2018\/09\/CDU-Fraktion-votiert-f\u00fcr-Dunkelampel-am-zweiten-Marktplatz-1-1024x680.jpg 1024w\" sizes=\"auto, (max-width: 300px) 100vw, 300px\" \/><\/a><\/p>\n<div id=\"attachment_24949\" style=\"width: 310px\" class=\"wp-caption alignnone\"><a href=\"https:\/\/www.forum-soegel.de\/information\/2018\/09\/cdu-fraktion-votiert-fuer-dunkelampel-am-zweiten-marktplatz\/cdu-fraktion-votiert-fuer-dunkelampel-am-zweiten-marktplatz-1-2\/\" rel=\"attachment wp-att-24949\"><img loading=\"lazy\" decoding=\"async\" aria-describedby=\"caption-attachment-24949\" class=\"size-medium wp-image-24949\" src=\"https:\/\/www.forum-soegel.de\/information\/wp-content\/uploads\/2018\/09\/CDU-Fraktion-votiert-f\u00fcr-Dunkelampel-am-zweiten-Marktplatz-1-1-300x199.jpg\" alt=\"\" width=\"300\" height=\"199\" srcset=\"https:\/\/www.forum-soegel.de\/information\/wp-content\/uploads\/2018\/09\/CDU-Fraktion-votiert-f\u00fcr-Dunkelampel-am-zweiten-Marktplatz-1-1-300x199.jpg 300w, https:\/\/www.forum-soegel.de\/information\/wp-content\/uploads\/2018\/09\/CDU-Fraktion-votiert-f\u00fcr-Dunkelampel-am-zweiten-Marktplatz-1-1-768x510.jpg 768w, https:\/\/www.forum-soegel.de\/information\/wp-content\/uploads\/2018\/09\/CDU-Fraktion-votiert-f\u00fcr-Dunkelampel-am-zweiten-Marktplatz-1-1.jpg 1024w\" sizes=\"auto, (max-width: 300px) 100vw, 300px\" \/><\/a><p id=\"caption-attachment-24949\" class=\"wp-caption-text\">Das Foto zeigt v.li.n.re.: Franz-Josef Bruns (FDP), Klaus Sch\u00e4ffner, Karl Steinbild, Irmgard Welling, Bernhard Herm\u00fchlen und Adolf Jelges<\/p><\/div>\n<p><a href=\"https:\/\/www.forum-soegel.de\/information\/2018\/09\/cdu-fraktion-votiert-fuer-dunkelampel-am-zweiten-marktplatz\/cdu-fraktion-votiert-fuer-dunkelampel-am-zweiten-marktplatz-2\/\" rel=\"attachment wp-att-24950\"><img loading=\"lazy\" decoding=\"async\" class=\"alignnone size-medium wp-image-24950\" src=\"https:\/\/www.forum-soegel.de\/information\/wp-content\/uploads\/2018\/09\/CDU-Fraktion-votiert-f\u00fcr-Dunkelampel-am-zweiten-Marktplatz-2-300x199.jpg\" alt=\"\" width=\"300\" height=\"199\" srcset=\"https:\/\/www.forum-soegel.de\/information\/wp-content\/uploads\/2018\/09\/CDU-Fraktion-votiert-f\u00fcr-Dunkelampel-am-zweiten-Marktplatz-2-300x199.jpg 300w, https:\/\/www.forum-soegel.de\/information\/wp-content\/uploads\/2018\/09\/CDU-Fraktion-votiert-f\u00fcr-Dunkelampel-am-zweiten-Marktplatz-2-768x510.jpg 768w, https:\/\/www.forum-soegel.de\/information\/wp-content\/uploads\/2018\/09\/CDU-Fraktion-votiert-f\u00fcr-Dunkelampel-am-zweiten-Marktplatz-2.jpg 1024w\" sizes=\"auto, (max-width: 300px) 100vw, 300px\" \/><\/a><\/p>\n","protected":false},"excerpt":{"rendered":"S\u00f6gel &#8211; Sofern auch die Verkehrssicherheitskommission die Installation bef\u00fcrwortet, m\u00f6chte die CDU-Fraktion im Gemeinderat S\u00f6gel so schnell wie m\u00f6glich eine Dunkelampel am \u00dcbergang vom zweiten Marktplatz zu Knippers Kohlenhof realisieren. Nach entsprechenden Beratungen auch mit der Polizei S\u00f6gel und einem Ortstermin der Verkehrssicherheitskommission hat sich ein Arbeitskreis der CDU-Fraktion im S\u00f6geler Gemeinderat noch einmal intensiv [&hellip;]\n","protected":false},"author":2,"featured_media":0,"comment_status":"closed","ping_status":"closed","sticky":false,"template":"","format":"standard","meta":{"ngg_post_thumbnail":0,"footnotes":""},"categories":[3],"tags":[],"class_list":["post-24947","post","type-post","status-publish","format-standard","hentry","category-aktuelles-aus-der-region"],"_links":{"self":[{"href":"https:\/\/www.forum-soegel.de\/information\/wp-json\/wp\/v2\/posts\/24947","targetHints":{"allow":["GET"]}}],"collection":[{"href":"https:\/\/www.forum-soegel.de\/information\/wp-json\/wp\/v2\/posts"}],"about":[{"href":"https:\/\/www.forum-soegel.de\/information\/wp-json\/wp\/v2\/types\/post"}],"author":[{"embeddable":true,"href":"https:\/\/www.forum-soegel.de\/information\/wp-json\/wp\/v2\/users\/2"}],"replies":[{"embeddable":true,"href":"https:\/\/www.forum-soegel.de\/information\/wp-json\/wp\/v2\/comments?post=24947"}],"version-history":[{"count":2,"href":"https:\/\/www.forum-soegel.de\/information\/wp-json\/wp\/v2\/posts\/24947\/revisions"}],"predecessor-version":[{"id":24952,"href":"https:\/\/www.forum-soegel.de\/information\/wp-json\/wp\/v2\/posts\/24947\/revisions\/24952"}],"wp:attachment":[{"href":"https:\/\/www.forum-soegel.de\/information\/wp-json\/wp\/v2\/media?parent=24947"}],"wp:term":[{"taxonomy":"category","embeddable":true,"href":"https:\/\/www.forum-soegel.de\/information\/wp-json\/wp\/v2\/categories?post=24947"},{"taxonomy":"post_tag","embeddable":true,"href":"https:\/\/www.forum-soegel.de\/information\/wp-json\/wp\/v2\/tags?post=24947"}],"curies":[{"name":"wp","href":"https:\/\/api.w.org\/{rel}","templated":true}]}}