{"id":24909,"date":"2018-09-28T19:58:12","date_gmt":"2018-09-28T17:58:12","guid":{"rendered":"https:\/\/www.forum-soegel.de\/information\/?p=24909"},"modified":"2018-09-28T19:58:12","modified_gmt":"2018-09-28T17:58:12","slug":"hospizverein-freut-sich-ueber-ein-erfolgreiches-jahr","status":"publish","type":"post","link":"https:\/\/www.forum-soegel.de\/information\/2018\/09\/hospizverein-freut-sich-ueber-ein-erfolgreiches-jahr\/","title":{"rendered":"Hospizverein freut sich \u00fcber ein erfolgreiches Jahr"},"content":{"rendered":"<p>S\u00f6gel: Auf ein sehr erfolgreiches Jahr 2017 konnte der Verein S\u00f6geler Hospiz e.V. jetzt bei seiner Mitgliederversammlung 2018 zur\u00fcckblicken. Das machte nicht nur ein Blick auf die gro\u00dfe Spendenbereitschaft deutlich, wie der Kassenwart Heiner Hebler berichten konnte, sondern auch die gro\u00dfe Zahl von Info- und Bildungsveranstaltungen in Schulen, Gruppen und Vereinen, die ein wachsendes Interesse am Thema Tod und Trauer zum Ausdruck bringen. Erfolgreich war das Jahr aber insbesondere, weil der Verein wieder \u00fcber 130 Sterbe- und Trauerbegleitungen durchf\u00fchren konnten.<\/p>\n<p>Beim genaueren Hinsehen wird aber auch deutlich, dass immer noch viele Sterbebegleitungen sehr kurzfristig angefragt werden und oft geradezu den Charakter der \u201eKrisenintervention\u201c haben. Dabei seien die Angeh\u00f6rigen anschlie\u00dfend immer sehr dankbar und sagen: \u201eH\u00e4tten wir das vorher gewusst, h\u00e4tten wir uns schon viel fr\u00fcher an den Hospizverein gewandt.\u201c<\/p>\n<p>Die Erfahrung, dass ca. 70% der Sterbebegleitungen im Umfeld des Krankenhauses zustande kommen, best\u00e4tige einen Trend, der sich auch bundesweit nachweisen l\u00e4sst, dass bei der Frage, wo die Menschen sterben, immer noch Wunsch und Wirklichkeit weit auseinander gehen, stellte der Vorsitzende Michael Strodt fest. 60% der Befragten wollen zu Hause sterben und nur 4% im Krankenhaus und 2% im Alten- oder Pflegeheim. Tats\u00e4chlich stirbt aber nur jeder F\u00fcnfte zu Hause, im Krankenhaus aber fast jeder Zweite und im Alten- oder Pflegeheim jeder Dritte.<\/p>\n<p>Um dem besser gerecht zu werden, k\u00f6nnen mit dem neuen Hospiz- und Palliativgesetz vom Dezember 2015 jetzt ambulante Hospize auch ihre Begleitungen im Krankenhaus abrechnen.<\/p>\n<p>Das geht aber nur, wenn der Verein eine hauptamtliche Koordinatorin angestellt hat. Daher freut sich der Vorstand ganz besonders dar\u00fcber, Stefanie Olliges f\u00fcr diese Aufgabe gefunden und qualifiziert zu haben, die sich im Rahmen der Mitgliederversammlung noch einmal mit ihrem Lieblingsthema \u201eGelingende Kommunikation\u201c vorstellen durfte. Sehr gro\u00df war auch die Freude \u00fcber die einstimmige Wahl des neuen Vorstandes, der aus Michael Strodt (Vorsitzender), Valentina Holm, Emmi Wichmann (Schriftf\u00fchrerin), Ilona Konken, Maria Kleimann (stellvertretende Vorsitzende), Hans-Heinrich Hebler (Schriftf\u00fchrer) und Dr. Hermann-Josef Bergmann besteht.<\/p>\n<p>Text: Michael Strodt \u00a0\/ Foto: S\u00f6geler Hospiz<\/p>\n<div id=\"attachment_24910\" style=\"width: 310px\" class=\"wp-caption alignnone\"><a href=\"https:\/\/www.forum-soegel.de\/information\/2018\/09\/hospizverein-freut-sich-ueber-ein-erfolgreiches-jahr\/hospizverein-freut-sich-ueber-ein-erfolgreiches-jahr\/\" rel=\"attachment wp-att-24910\"><img loading=\"lazy\" decoding=\"async\" aria-describedby=\"caption-attachment-24910\" class=\"size-medium wp-image-24910\" src=\"https:\/\/www.forum-soegel.de\/information\/wp-content\/uploads\/2018\/09\/Hospizverein-freut-sich-\u00fcber-ein-erfolgreiches-Jahr-300x207.jpg\" alt=\"\" width=\"300\" height=\"207\" srcset=\"https:\/\/www.forum-soegel.de\/information\/wp-content\/uploads\/2018\/09\/Hospizverein-freut-sich-\u00fcber-ein-erfolgreiches-Jahr-300x207.jpg 300w, https:\/\/www.forum-soegel.de\/information\/wp-content\/uploads\/2018\/09\/Hospizverein-freut-sich-\u00fcber-ein-erfolgreiches-Jahr-768x530.jpg 768w, https:\/\/www.forum-soegel.de\/information\/wp-content\/uploads\/2018\/09\/Hospizverein-freut-sich-\u00fcber-ein-erfolgreiches-Jahr.jpg 1024w\" sizes=\"auto, (max-width: 300px) 100vw, 300px\" \/><\/a><p id=\"caption-attachment-24910\" class=\"wp-caption-text\">Michael Strodt (Vorsitzender), Valentina Holm, Emmi Wichmann (Schriftf\u00fchrerin), Ilona Konken, Maria Kleimann (stellvertretende Vorsitzende), Hans-Heinrich Hebler (Schriftf\u00fchrer) und Dr. Hermann-Josef Bergmann<\/p><\/div>\n","protected":false},"excerpt":{"rendered":"S\u00f6gel: Auf ein sehr erfolgreiches Jahr 2017 konnte der Verein S\u00f6geler Hospiz e.V. jetzt bei seiner Mitgliederversammlung 2018 zur\u00fcckblicken. Das machte nicht nur ein Blick auf die gro\u00dfe Spendenbereitschaft deutlich, wie der Kassenwart Heiner Hebler berichten konnte, sondern auch die gro\u00dfe Zahl von Info- und Bildungsveranstaltungen in Schulen, Gruppen und Vereinen, die ein wachsendes Interesse [&hellip;]\n","protected":false},"author":2,"featured_media":0,"comment_status":"closed","ping_status":"closed","sticky":false,"template":"","format":"standard","meta":{"ngg_post_thumbnail":0,"footnotes":""},"categories":[5],"tags":[],"class_list":["post-24909","post","type-post","status-publish","format-standard","hentry","category-was-machen-die-vereine"],"_links":{"self":[{"href":"https:\/\/www.forum-soegel.de\/information\/wp-json\/wp\/v2\/posts\/24909","targetHints":{"allow":["GET"]}}],"collection":[{"href":"https:\/\/www.forum-soegel.de\/information\/wp-json\/wp\/v2\/posts"}],"about":[{"href":"https:\/\/www.forum-soegel.de\/information\/wp-json\/wp\/v2\/types\/post"}],"author":[{"embeddable":true,"href":"https:\/\/www.forum-soegel.de\/information\/wp-json\/wp\/v2\/users\/2"}],"replies":[{"embeddable":true,"href":"https:\/\/www.forum-soegel.de\/information\/wp-json\/wp\/v2\/comments?post=24909"}],"version-history":[{"count":2,"href":"https:\/\/www.forum-soegel.de\/information\/wp-json\/wp\/v2\/posts\/24909\/revisions"}],"predecessor-version":[{"id":24912,"href":"https:\/\/www.forum-soegel.de\/information\/wp-json\/wp\/v2\/posts\/24909\/revisions\/24912"}],"wp:attachment":[{"href":"https:\/\/www.forum-soegel.de\/information\/wp-json\/wp\/v2\/media?parent=24909"}],"wp:term":[{"taxonomy":"category","embeddable":true,"href":"https:\/\/www.forum-soegel.de\/information\/wp-json\/wp\/v2\/categories?post=24909"},{"taxonomy":"post_tag","embeddable":true,"href":"https:\/\/www.forum-soegel.de\/information\/wp-json\/wp\/v2\/tags?post=24909"}],"curies":[{"name":"wp","href":"https:\/\/api.w.org\/{rel}","templated":true}]}}