{"id":248,"date":"2010-02-06T17:54:33","date_gmt":"2010-02-06T15:54:33","guid":{"rendered":"https:\/\/www.forum-soegel.de\/information\/?p=248"},"modified":"2010-02-18T14:52:24","modified_gmt":"2010-02-18T12:52:24","slug":"markgemeinde-sogel-nach-mehr-als-150-jahriger-tradition-aufgelost","status":"publish","type":"post","link":"https:\/\/www.forum-soegel.de\/information\/2010\/02\/markgemeinde-sogel-nach-mehr-als-150-jahriger-tradition-aufgelost\/","title":{"rendered":"Markgemeinde S\u00f6gel nach mehr als 150-j\u00e4hriger Tradition aufgel\u00f6st"},"content":{"rendered":"<p>Die Markgemeinde S\u00f6gel ist nach mehr als 150-j\u00e4hriger Tradition vor einiger Zeit aufgel\u00f6st worden. In der Aufl\u00f6sungsvereinbarung wurde festgelegt, dass nach erfolgter Aufteilung der Verm\u00f6genswerte an die Markgenossen ein verbleibender Restbetrag\u00a0 an den Seniorentreff und die Pfarrcaritas sowie an die Freiwillige Feuerwehr ausgesch\u00fcttet werden sollte.<\/p>\n<p>Helmut Westermann , bis zur Aufl\u00f6sung Vorsitzender der Markgemeinde, \u00fcberreichte zusammen mit seinem damaligen Stellvertreter Gerhard Manns und dem Gesch\u00e4ftsf\u00fchrer Lambert Brand zwei Scheck \u00fcber je 1100,00 Euro an Lenchen Bruns als Leiterin des Seniorentreffpunktes und an Ortsbrandmeister Frank Tholen. Beide bedankten sich bei der Markgemeinde und betonten, dass man das Geld gut gebrauchen k\u00f6nne f\u00fcr die Arbeit in den jeweiligen Institutionen.<\/p>\n<p><a href=\"https:\/\/www.forum-soegel.de\/information\/wp-content\/uploads\/2010\/02\/Markgemeinde-S\u00f6gel.jpg\"><img loading=\"lazy\" decoding=\"async\" class=\"alignleft size-thumbnail wp-image-249\" title=\"Markgemeinde S\u00f6gel\" src=\"https:\/\/www.forum-soegel.de\/information\/wp-content\/uploads\/2010\/02\/Markgemeinde-S\u00f6gel-150x150.jpg\" alt=\"Unser Foto zeigt von links Lambert Brand, Helmut Westermann, Frank Tholen, Lenchen Bruns und Gerhard Manns. \" width=\"150\" height=\"150\" \/><\/a>\u00a0<\/p>\n<p>Unser Foto zeigt von links Lambert Brand, Helmut Westermann, Frank Tholen, Lenchen Bruns und Gerhard Manns.<\/p>\n<p>Text\/Foto: Hans R\u00f6tepohl<\/p>\n","protected":false},"excerpt":{"rendered":"Die Markgemeinde S\u00f6gel ist nach mehr als 150-j\u00e4hriger Tradition vor einiger Zeit aufgel\u00f6st worden. In der Aufl\u00f6sungsvereinbarung wurde festgelegt, dass nach erfolgter Aufteilung der Verm\u00f6genswerte an die Markgenossen ein verbleibender Restbetrag\u00a0 an den Seniorentreff und die Pfarrcaritas sowie an die Freiwillige Feuerwehr ausgesch\u00fcttet werden sollte. Helmut Westermann , bis zur Aufl\u00f6sung Vorsitzender der Markgemeinde, \u00fcberreichte [&hellip;]\n","protected":false},"author":2,"featured_media":0,"comment_status":"closed","ping_status":"closed","sticky":false,"template":"","format":"standard","meta":{"ngg_post_thumbnail":0,"footnotes":""},"categories":[5],"tags":[53],"class_list":["post-248","post","type-post","status-publish","format-standard","hentry","category-was-machen-die-vereine","tag-markgemeinde"],"_links":{"self":[{"href":"https:\/\/www.forum-soegel.de\/information\/wp-json\/wp\/v2\/posts\/248","targetHints":{"allow":["GET"]}}],"collection":[{"href":"https:\/\/www.forum-soegel.de\/information\/wp-json\/wp\/v2\/posts"}],"about":[{"href":"https:\/\/www.forum-soegel.de\/information\/wp-json\/wp\/v2\/types\/post"}],"author":[{"embeddable":true,"href":"https:\/\/www.forum-soegel.de\/information\/wp-json\/wp\/v2\/users\/2"}],"replies":[{"embeddable":true,"href":"https:\/\/www.forum-soegel.de\/information\/wp-json\/wp\/v2\/comments?post=248"}],"version-history":[{"count":6,"href":"https:\/\/www.forum-soegel.de\/information\/wp-json\/wp\/v2\/posts\/248\/revisions"}],"predecessor-version":[{"id":266,"href":"https:\/\/www.forum-soegel.de\/information\/wp-json\/wp\/v2\/posts\/248\/revisions\/266"}],"wp:attachment":[{"href":"https:\/\/www.forum-soegel.de\/information\/wp-json\/wp\/v2\/media?parent=248"}],"wp:term":[{"taxonomy":"category","embeddable":true,"href":"https:\/\/www.forum-soegel.de\/information\/wp-json\/wp\/v2\/categories?post=248"},{"taxonomy":"post_tag","embeddable":true,"href":"https:\/\/www.forum-soegel.de\/information\/wp-json\/wp\/v2\/tags?post=248"}],"curies":[{"name":"wp","href":"https:\/\/api.w.org\/{rel}","templated":true}]}}