{"id":24209,"date":"2018-06-24T12:36:39","date_gmt":"2018-06-24T10:36:39","guid":{"rendered":"https:\/\/www.forum-soegel.de\/information\/?p=24209"},"modified":"2018-06-24T12:36:39","modified_gmt":"2018-06-24T10:36:39","slug":"vr-clubfahrt-zum-sv-meppen-am-20-04-2018","status":"publish","type":"post","link":"https:\/\/www.forum-soegel.de\/information\/2018\/06\/vr-clubfahrt-zum-sv-meppen-am-20-04-2018\/","title":{"rendered":"VR- Clubfahrt zum SV Meppen am 20.04.2018"},"content":{"rendered":"<p>S\u00f6gel &#8211; Am 20.04.2018 hie\u00df es f\u00fcr unsere VR-Club Mitglieder \u201eAb ins Stadion zum SV Meppen!\u201c<\/p>\n<p>Mit \u00fcber 40 Kindern und Jugendlichen des VR-Clubs aus den Orten Ber\u00dfen, Stavern, Lahn, S\u00f6gel, Spahnharrenst\u00e4tte und Werpeloh machte sich die Raiffeisenbank Emsland-Mitte eG mit Betreuern am Freitag, dem 20.04.2018 auf den Weg in die Meppener H\u00e4nsch-Arena, um das Spiel des SV Meppen gegen die Sportfreunde Lotte gemeinsam anzuschauen.<\/p>\n<p>Mit 7448 Zuschauern und bei strahlendem Sonnenschein war die Stimmung im Meppener Stadion auf dem H\u00f6hepunkt.<\/p>\n<p>Gleich mit der ersten Chance gingen die Meppener bereits nach f\u00fcnf Minuten in F\u00fchrung. Der ehemalige Lotter Spieler Luka Tankulic k\u00f6pfte den Ball problemlos ins kurze Eck und traf zum 1:0.<\/p>\n<p>Nach einer unterhaltsamen ersten H\u00e4lfte mit weiteren Chancen auf beiden Seiten ging es in die Halbzeitpause, in der sich Zeit bot, sich mit einer Bratwurst vom Grill zu st\u00e4rken.<\/p>\n<p>Nachdem die G\u00e4ste aus Lotte in der zweiten Halbzeit den Ausgleich schafften, nutzte der gerade eingewechselte Max Kremer in der 69. Minute eine weitere Torchance und erzielte den Siegtreffer zum 2:1.<\/p>\n<p>Zusammen mit den weiteren Fans feierten die Kinder und Jugendlichen den Heimsieg der Meppener.<\/p>\n<p>Es war ein gelungener Freitagabend und umso mehr freuen wir uns auf die n\u00e4chste Aktion mit Euch!<\/p>\n<p>Text\/Foto: Patrick Engeln<\/p>\n<p><a href=\"https:\/\/www.forum-soegel.de\/information\/2018\/06\/vr-clubfahrt-zum-sv-meppen-am-20-04-2018\/vr-clubfahrt-zum-sv-meppen-am-20-04-2018\/\" rel=\"attachment wp-att-24210\"><img loading=\"lazy\" decoding=\"async\" class=\"alignnone size-medium wp-image-24210\" src=\"https:\/\/www.forum-soegel.de\/information\/wp-content\/uploads\/2018\/06\/VR-Clubfahrt-zum-SV-Meppen-am-20.04.2018-300x199.jpg\" alt=\"\" width=\"300\" height=\"199\" srcset=\"https:\/\/www.forum-soegel.de\/information\/wp-content\/uploads\/2018\/06\/VR-Clubfahrt-zum-SV-Meppen-am-20.04.2018-300x199.jpg 300w, https:\/\/www.forum-soegel.de\/information\/wp-content\/uploads\/2018\/06\/VR-Clubfahrt-zum-SV-Meppen-am-20.04.2018-768x510.jpg 768w, https:\/\/www.forum-soegel.de\/information\/wp-content\/uploads\/2018\/06\/VR-Clubfahrt-zum-SV-Meppen-am-20.04.2018.jpg 1024w\" sizes=\"auto, (max-width: 300px) 100vw, 300px\" \/><\/a><\/p>\n","protected":false},"excerpt":{"rendered":"S\u00f6gel &#8211; Am 20.04.2018 hie\u00df es f\u00fcr unsere VR-Club Mitglieder \u201eAb ins Stadion zum SV Meppen!\u201c Mit \u00fcber 40 Kindern und Jugendlichen des VR-Clubs aus den Orten Ber\u00dfen, Stavern, Lahn, S\u00f6gel, Spahnharrenst\u00e4tte und Werpeloh machte sich die Raiffeisenbank Emsland-Mitte eG mit Betreuern am Freitag, dem 20.04.2018 auf den Weg in die Meppener H\u00e4nsch-Arena, um das [&hellip;]\n","protected":false},"author":2,"featured_media":0,"comment_status":"closed","ping_status":"closed","sticky":false,"template":"","format":"standard","meta":{"ngg_post_thumbnail":0,"footnotes":""},"categories":[4],"tags":[],"class_list":["post-24209","post","type-post","status-publish","format-standard","hentry","category-aus-der-geschaftswelt"],"_links":{"self":[{"href":"https:\/\/www.forum-soegel.de\/information\/wp-json\/wp\/v2\/posts\/24209","targetHints":{"allow":["GET"]}}],"collection":[{"href":"https:\/\/www.forum-soegel.de\/information\/wp-json\/wp\/v2\/posts"}],"about":[{"href":"https:\/\/www.forum-soegel.de\/information\/wp-json\/wp\/v2\/types\/post"}],"author":[{"embeddable":true,"href":"https:\/\/www.forum-soegel.de\/information\/wp-json\/wp\/v2\/users\/2"}],"replies":[{"embeddable":true,"href":"https:\/\/www.forum-soegel.de\/information\/wp-json\/wp\/v2\/comments?post=24209"}],"version-history":[{"count":2,"href":"https:\/\/www.forum-soegel.de\/information\/wp-json\/wp\/v2\/posts\/24209\/revisions"}],"predecessor-version":[{"id":24212,"href":"https:\/\/www.forum-soegel.de\/information\/wp-json\/wp\/v2\/posts\/24209\/revisions\/24212"}],"wp:attachment":[{"href":"https:\/\/www.forum-soegel.de\/information\/wp-json\/wp\/v2\/media?parent=24209"}],"wp:term":[{"taxonomy":"category","embeddable":true,"href":"https:\/\/www.forum-soegel.de\/information\/wp-json\/wp\/v2\/categories?post=24209"},{"taxonomy":"post_tag","embeddable":true,"href":"https:\/\/www.forum-soegel.de\/information\/wp-json\/wp\/v2\/tags?post=24209"}],"curies":[{"name":"wp","href":"https:\/\/api.w.org\/{rel}","templated":true}]}}