{"id":24205,"date":"2018-06-24T12:35:34","date_gmt":"2018-06-24T10:35:34","guid":{"rendered":"https:\/\/www.forum-soegel.de\/information\/?p=24205"},"modified":"2018-06-24T12:35:34","modified_gmt":"2018-06-24T10:35:34","slug":"sascotec-feiert-firmenjubilaeum","status":"publish","type":"post","link":"https:\/\/www.forum-soegel.de\/information\/2018\/06\/sascotec-feiert-firmenjubilaeum\/","title":{"rendered":"Sascotec feiert Firmenjubil\u00e4um"},"content":{"rendered":"<p><strong>Tag der offenen T\u00fcr am 17. Juni in Stavern<\/strong><\/p>\n<p><a href=\"https:\/\/www.forum-soegel.de\/information\/2018\/06\/sascotec-feiert-firmenjubilaeum\/sascotec-2\/\" rel=\"attachment wp-att-24206\"><img loading=\"lazy\" decoding=\"async\" class=\"alignleft size-medium wp-image-24206\" src=\"https:\/\/www.forum-soegel.de\/information\/wp-content\/uploads\/2018\/06\/Sascotec-300x200.jpg\" alt=\"\" width=\"300\" height=\"200\" srcset=\"https:\/\/www.forum-soegel.de\/information\/wp-content\/uploads\/2018\/06\/Sascotec-300x200.jpg 300w, https:\/\/www.forum-soegel.de\/information\/wp-content\/uploads\/2018\/06\/Sascotec-768x511.jpg 768w, https:\/\/www.forum-soegel.de\/information\/wp-content\/uploads\/2018\/06\/Sascotec.jpg 1024w\" sizes=\"auto, (max-width: 300px) 100vw, 300px\" \/><\/a>Stavern &#8211; \u201eWir machen Pferde stark\u201c \u2013 das ist der Leit- und Werbespruch der Firma Sascotec GmbH in Stavern. Firmeninhaber Oliver Sandmann und seine Belegschaft laden anl\u00e4sslich des 5-j\u00e4hrigen Firmenjubil\u00e4ums am Sonntag, 17.06.2018 zum Tag der offenen T\u00fcr ein. Die Besucher erwartet an diesem Tag ab 11 Uhr ein buntes Rahmenprogramm mit unter anderem\u00a0 n\u00e4heren Informationen zur Produktpalette und deren Einsatzbereichen sowie auch Kaffee und Kuchen, Essen und Getr\u00e4nke und ein spezielles Programm f\u00fcr Kinder.<\/p>\n<p>Alle Interessierten k\u00f6nnen sich an diesem Tag \u00fcber das Sascotec-Bewegungskonzept und die Vorteile f\u00fcr die Pferde informieren. Das Produktsegment beinhaltet neben dem Pferdelaufband noch den Aquatrainer und das Pferdesolarium sowie die Pferde-F\u00fchranlage oder auch die Vibrationsplatte. Der Sascotec-Kundenkreis ist weltweit aufgestellt. Die Ger\u00e4te k\u00f6nnen sowohl gekauft als auch gemietet werden. Hier kommt die Firma den Kundenw\u00fcnschen vollst\u00e4ndig entgegen. \u201eWir entwickeln unsere Produktpalette st\u00e4ndig weiter und konzipieren immer mehr pferdefreundliche Produkte auf h\u00f6chstem Standard\u201c, so Sandmann.<\/p>\n<p>Neben den Produkten der Sascotec GmbH bietet Herr Sandmann mit der Sandmann Innovation GmbH weitere T\u00e4tigkeitsfelder im Metallbereich, insbesondere ein Ingenieur-B\u00fcro zur Entwicklung und Planung von Auftr\u00e4gen, an. Damit decken die Firmen auch den gesamten Metall- und Sondermaschinenbau ab. Aus der urspr\u00fcnglichen Gr\u00fcndungsidee, \u00a0Pferden mehr Bewegung zu verschaffen, ist inzwischen auch die Entwicklung und Produktion von allgemeinen Metallbauprodukten \u201erund um Haus und Hof\u201c entstanden.<\/p>\n<p>Die Firma Sascotec freut sich auf Ihren Besuch und hei\u00dft Sie in der S\u00f6geler Stra\u00dfe 9 in Stavern herzlich willkommen!<\/p>\n<p>Text: Klaus V\u00f6lker \/ Foto: Sascotec GmbH<\/p>\n","protected":false},"excerpt":{"rendered":"Tag der offenen T\u00fcr am 17. Juni in Stavern Stavern &#8211; \u201eWir machen Pferde stark\u201c \u2013 das ist der Leit- und Werbespruch der Firma Sascotec GmbH in Stavern. Firmeninhaber Oliver Sandmann und seine Belegschaft laden anl\u00e4sslich des 5-j\u00e4hrigen Firmenjubil\u00e4ums am Sonntag, 17.06.2018 zum Tag der offenen T\u00fcr ein. Die Besucher erwartet an diesem Tag ab [&hellip;]\n","protected":false},"author":2,"featured_media":0,"comment_status":"closed","ping_status":"closed","sticky":false,"template":"","format":"standard","meta":{"ngg_post_thumbnail":0,"footnotes":""},"categories":[4],"tags":[],"class_list":["post-24205","post","type-post","status-publish","format-standard","hentry","category-aus-der-geschaftswelt"],"_links":{"self":[{"href":"https:\/\/www.forum-soegel.de\/information\/wp-json\/wp\/v2\/posts\/24205","targetHints":{"allow":["GET"]}}],"collection":[{"href":"https:\/\/www.forum-soegel.de\/information\/wp-json\/wp\/v2\/posts"}],"about":[{"href":"https:\/\/www.forum-soegel.de\/information\/wp-json\/wp\/v2\/types\/post"}],"author":[{"embeddable":true,"href":"https:\/\/www.forum-soegel.de\/information\/wp-json\/wp\/v2\/users\/2"}],"replies":[{"embeddable":true,"href":"https:\/\/www.forum-soegel.de\/information\/wp-json\/wp\/v2\/comments?post=24205"}],"version-history":[{"count":2,"href":"https:\/\/www.forum-soegel.de\/information\/wp-json\/wp\/v2\/posts\/24205\/revisions"}],"predecessor-version":[{"id":24208,"href":"https:\/\/www.forum-soegel.de\/information\/wp-json\/wp\/v2\/posts\/24205\/revisions\/24208"}],"wp:attachment":[{"href":"https:\/\/www.forum-soegel.de\/information\/wp-json\/wp\/v2\/media?parent=24205"}],"wp:term":[{"taxonomy":"category","embeddable":true,"href":"https:\/\/www.forum-soegel.de\/information\/wp-json\/wp\/v2\/categories?post=24205"},{"taxonomy":"post_tag","embeddable":true,"href":"https:\/\/www.forum-soegel.de\/information\/wp-json\/wp\/v2\/tags?post=24205"}],"curies":[{"name":"wp","href":"https:\/\/api.w.org\/{rel}","templated":true}]}}